{"id":5737,"date":"2020-12-07T00:10:14","date_gmt":"2020-12-06T23:10:14","guid":{"rendered":"http:\/\/blogg.varldenidag.se\/musik\/?p=5737"},"modified":"2020-11-24T10:41:57","modified_gmt":"2020-11-24T09:41:57","slug":"lovsang-live-med-gniste","status":"publish","type":"post","link":"http:\/\/blogg.varldenidag.se\/musik\/lovsang-live-med-gniste\/","title":{"rendered":"Lovs\u00e5ng live med Gniste"},"content":{"rendered":"<p>Det g\u00e5r inte att s\u00e4ga annat \u00e4n att\u00a0<strong>Josefina Gniste\u00a0<\/strong>gett oss tv\u00e5 av de allra b\u00e4sta svenska lovs\u00e5ngsskivorna som g\u00e5r att tillg\u00e5. D\u00e4rf\u00f6r \u00e4r det extra kul att h\u00f6ra hennes nya liveskiva, inspelad i maj, d\u00e4r hon tillsammans med sitt band bjuder p\u00e5 \u00e5tta av sina popul\u00e4ra s\u00e5nger fr\u00e5n sina tv\u00e5 f\u00f6reg\u00e5ende album, liksom den helt nyskrivna s\u00e5ngen\u00a0<em>&#8221;I din n\u00e4rvaro&#8221;.<\/em><\/p>\n<p>K\u00e4nslan och n\u00e4rvaron som skapas genom att skivan \u00e4r inspelad live lyfter l\u00e5tarna och ger en ny dimension, och kommer garanterat g\u00f6ra att \u00e4nnu fler f\u00e5r upp \u00f6gonen f\u00f6r hennes lovs\u00e5ng. Ett riktigt starkt lovs\u00e5ngsalbum \u2013 helt p\u00e5 svenska. Dessutom till f\u00f6rm\u00e5n f\u00f6r organisationen\u00a0Compassion \u2013 kan det bli b\u00e4ttre \u00e4n s\u00e5?<\/p>\n<p><strong>Spotify-l\u00e4nk: <\/strong><a href=\"https:\/\/open.spotify.com\/track\/49VUUNOUw1yKZvqAxiVgDq?si=nMjhPEAmQFqn5Y5e4_NLew\">https:\/\/open.spotify.com\/track\/49VUUNOUw1yKZvqAxiVgDq?si=nMjhPEAmQFqn5Y5e4_NLew<\/a><\/p>\n<div class=\"video-container\"><iframe loading=\"lazy\" title=\"DIN TROFASTHET - Josefina Gniste Live\" width=\"500\" height=\"281\" src=\"https:\/\/www.youtube.com\/embed\/ohWYv3LomxE?feature=oembed\" frameborder=\"0\" allow=\"accelerometer; autoplay; clipboard-write; encrypted-media; gyroscope; picture-in-picture; web-share\" referrerpolicy=\"strict-origin-when-cross-origin\" allowfullscreen><\/iframe><\/div>\n","protected":false},"excerpt":{"rendered":"<p>Det g\u00e5r inte att s\u00e4ga annat \u00e4n att\u00a0Josefina Gniste\u00a0gett oss tv\u00e5 av de allra b\u00e4sta svenska lovs\u00e5ngsskivorna som g\u00e5r att tillg\u00e5. D\u00e4rf\u00f6r \u00e4r det extra kul att [&hellip;]<\/p>\n","protected":false},"author":15,"featured_media":0,"comment_status":"open","ping_status":"open","sticky":false,"template":"","format":"standard","meta":{"footnotes":"","_links_to":"","_links_to_target":""},"categories":[1],"tags":[],"class_list":["post-5737","post","type-post","status-publish","format-standard","hentry","category-musik"],"_links":{"self":[{"href":"http:\/\/blogg.varldenidag.se\/musik\/wp-json\/wp\/v2\/posts\/5737","targetHints":{"allow":["GET"]}}],"collection":[{"href":"http:\/\/blogg.varldenidag.se\/musik\/wp-json\/wp\/v2\/posts"}],"about":[{"href":"http:\/\/blogg.varldenidag.se\/musik\/wp-json\/wp\/v2\/types\/post"}],"author":[{"embeddable":true,"href":"http:\/\/blogg.varldenidag.se\/musik\/wp-json\/wp\/v2\/users\/15"}],"replies":[{"embeddable":true,"href":"http:\/\/blogg.varldenidag.se\/musik\/wp-json\/wp\/v2\/comments?post=5737"}],"version-history":[{"count":2,"href":"http:\/\/blogg.varldenidag.se\/musik\/wp-json\/wp\/v2\/posts\/5737\/revisions"}],"predecessor-version":[{"id":5757,"href":"http:\/\/blogg.varldenidag.se\/musik\/wp-json\/wp\/v2\/posts\/5737\/revisions\/5757"}],"wp:attachment":[{"href":"http:\/\/blogg.varldenidag.se\/musik\/wp-json\/wp\/v2\/media?parent=5737"}],"wp:term":[{"taxonomy":"category","embeddable":true,"href":"http:\/\/blogg.varldenidag.se\/musik\/wp-json\/wp\/v2\/categories?post=5737"},{"taxonomy":"post_tag","embeddable":true,"href":"http:\/\/blogg.varldenidag.se\/musik\/wp-json\/wp\/v2\/tags?post=5737"}],"curies":[{"name":"wp","href":"https:\/\/api.w.org\/{rel}","templated":true}]}}