{"id":5726,"date":"2020-11-27T00:05:00","date_gmt":"2020-11-26T23:05:00","guid":{"rendered":"http:\/\/blogg.varldenidag.se\/musik\/?p=5726"},"modified":"2020-11-24T10:39:06","modified_gmt":"2020-11-24T09:39:06","slug":"superproducenten-tar-ut-julsvangarna","status":"publish","type":"post","link":"http:\/\/blogg.varldenidag.se\/musik\/superproducenten-tar-ut-julsvangarna\/","title":{"rendered":"Superproducenten tar ut julsv\u00e4ngarna"},"content":{"rendered":"<p>M\u00e5nga v\u00e4ljer den enkla v\u00e4gen n\u00e4r de ska g\u00f6ra en julskiva; att helt enkelt plocka gr\u00e4ddan ur l\u00e5tskatten och st\u00f6pa dom i ungef\u00e4r samma form som originalet.<br \/>\nDen v\u00e4gen valde INTE Tommee Profitt. I st\u00e4llet har superproducenten \u2013 k\u00e4nd bland annat f\u00f6r sina popul\u00e4ra cinematiska album och f\u00f6r sin stora delaktighet i hiphoparen NF:s framg\u00e5ngar \u2013 gjort precis tv\u00e4rtom. Han har tagit de st\u00f6rsta jull\u00e5tarna, men valt att kn\u00e5da om degen ordentligt. I processen sticker han musikaliskt iv\u00e4g \u00e5t alla h\u00e5ll och tar ut sv\u00e4ngarna rej\u00e4lt \u2013 men s\u00e5 har det ocks\u00e5 tagit honom 15 \u00e5r (!) att f\u00e4rdigst\u00e4lla albumet.<\/p>\n<p>Kvar \u00e4r en manual f\u00f6r alla som funderar p\u00e5 hur ett kreativt julalbum ska l\u00e5ta. Albumet\u00a0<em>&#8221;The Birth Of A King&#8221;\u00a0<\/em>\u00e4r inget annat \u00e4n en ren uppvisning i musikalitet som g\u00e5r p\u00e5 knock b\u00e5de med sin lista \u00f6ver g\u00e4startister \u2013 allt fr\u00e5n <strong>Tauren Wells\u00a0<\/strong>till\u00a0<strong>Sarah Reeves\u00a0<\/strong>och\u00a0<strong>Avril Lavigne \u2013 <\/strong>och med skivans sound. Det \u00e4r bombastiskt, storslaget och kraftfullt \u2013 och fyllt till max av julk\u00e4nsla. Missa inte!<\/p>\n<p><strong>Spotify-l\u00e4nk:<\/strong>\u00a0<a href=\"https:\/\/open.spotify.com\/track\/2khWddRNObmBspH6xuo66e?si=QHxh7ivVS8SKzVT8_0jADA\">https:\/\/open.spotify.com\/track\/2khWddRNObmBspH6xuo66e?si=QHxh7ivVS8SKzVT8_0jADA<\/a><\/p>\n<div class=\"video-container\"><iframe loading=\"lazy\" title=\"O Come All Ye Faithful (feat. Sarah Reeves) - Tommee Profitt\" width=\"500\" height=\"281\" src=\"https:\/\/www.youtube.com\/embed\/IdzwfkycWIA?feature=oembed\" frameborder=\"0\" allow=\"accelerometer; autoplay; clipboard-write; encrypted-media; gyroscope; picture-in-picture; web-share\" referrerpolicy=\"strict-origin-when-cross-origin\" allowfullscreen><\/iframe><\/div>\n","protected":false},"excerpt":{"rendered":"<p>M\u00e5nga v\u00e4ljer den enkla v\u00e4gen n\u00e4r de ska g\u00f6ra en julskiva; att helt enkelt plocka gr\u00e4ddan ur l\u00e5tskatten och st\u00f6pa dom i ungef\u00e4r samma form som originalet. [&hellip;]<\/p>\n","protected":false},"author":15,"featured_media":0,"comment_status":"open","ping_status":"open","sticky":false,"template":"","format":"standard","meta":{"footnotes":"","_links_to":"","_links_to_target":""},"categories":[1],"tags":[],"class_list":["post-5726","post","type-post","status-publish","format-standard","hentry","category-musik"],"_links":{"self":[{"href":"http:\/\/blogg.varldenidag.se\/musik\/wp-json\/wp\/v2\/posts\/5726","targetHints":{"allow":["GET"]}}],"collection":[{"href":"http:\/\/blogg.varldenidag.se\/musik\/wp-json\/wp\/v2\/posts"}],"about":[{"href":"http:\/\/blogg.varldenidag.se\/musik\/wp-json\/wp\/v2\/types\/post"}],"author":[{"embeddable":true,"href":"http:\/\/blogg.varldenidag.se\/musik\/wp-json\/wp\/v2\/users\/15"}],"replies":[{"embeddable":true,"href":"http:\/\/blogg.varldenidag.se\/musik\/wp-json\/wp\/v2\/comments?post=5726"}],"version-history":[{"count":4,"href":"http:\/\/blogg.varldenidag.se\/musik\/wp-json\/wp\/v2\/posts\/5726\/revisions"}],"predecessor-version":[{"id":5753,"href":"http:\/\/blogg.varldenidag.se\/musik\/wp-json\/wp\/v2\/posts\/5726\/revisions\/5753"}],"wp:attachment":[{"href":"http:\/\/blogg.varldenidag.se\/musik\/wp-json\/wp\/v2\/media?parent=5726"}],"wp:term":[{"taxonomy":"category","embeddable":true,"href":"http:\/\/blogg.varldenidag.se\/musik\/wp-json\/wp\/v2\/categories?post=5726"},{"taxonomy":"post_tag","embeddable":true,"href":"http:\/\/blogg.varldenidag.se\/musik\/wp-json\/wp\/v2\/tags?post=5726"}],"curies":[{"name":"wp","href":"https:\/\/api.w.org\/{rel}","templated":true}]}}