{"id":5710,"date":"2020-11-15T00:49:39","date_gmt":"2020-11-14T23:49:39","guid":{"rendered":"http:\/\/blogg.varldenidag.se\/musik\/?p=5710"},"modified":"2020-11-18T10:32:08","modified_gmt":"2020-11-18T09:32:08","slug":"antligen-sondag","status":"publish","type":"post","link":"http:\/\/blogg.varldenidag.se\/musik\/antligen-sondag\/","title":{"rendered":"\u00c4ntligen s\u00f6ndag!"},"content":{"rendered":"<p>\u00c4ntligen \u00e4r det s\u00f6ndag igen! Och vi har den ultimata spellistan f\u00f6r att fira att det \u00e4r\u00a0<strong>Sunday Funday\u00a0<\/strong>\u2013 och vi lovar att den funkar alla veckans \u00f6vriga dagar ocks\u00e5. Lite mer s\u00f6ndagsgl\u00e4dje i veckan, helt enkelt.<\/p>\n<div class=\"video-container\"><iframe title=\"Spotify Embed: Sunday Funday\" style=\"border-radius: 12px\" width=\"100%\" height=\"352\" frameborder=\"0\" allowfullscreen allow=\"autoplay; clipboard-write; encrypted-media; fullscreen; picture-in-picture\" loading=\"lazy\" src=\"https:\/\/open.spotify.com\/embed\/playlist\/5XQkeK8bIcGcPjtsmakFNt?si=etcEWO7eSH-FSUrxro5tcg&#038;utm_source=oembed\"><\/iframe><\/div>\n","protected":false},"excerpt":{"rendered":"<p>\u00c4ntligen \u00e4r det s\u00f6ndag igen! Och vi har den ultimata spellistan f\u00f6r att fira att det \u00e4r\u00a0Sunday Funday\u00a0\u2013 och vi lovar att den funkar alla veckans \u00f6vriga [&hellip;]<\/p>\n","protected":false},"author":15,"featured_media":0,"comment_status":"open","ping_status":"open","sticky":false,"template":"","format":"standard","meta":{"footnotes":"","_links_to":"","_links_to_target":""},"categories":[1],"tags":[],"class_list":["post-5710","post","type-post","status-publish","format-standard","hentry","category-musik"],"_links":{"self":[{"href":"http:\/\/blogg.varldenidag.se\/musik\/wp-json\/wp\/v2\/posts\/5710","targetHints":{"allow":["GET"]}}],"collection":[{"href":"http:\/\/blogg.varldenidag.se\/musik\/wp-json\/wp\/v2\/posts"}],"about":[{"href":"http:\/\/blogg.varldenidag.se\/musik\/wp-json\/wp\/v2\/types\/post"}],"author":[{"embeddable":true,"href":"http:\/\/blogg.varldenidag.se\/musik\/wp-json\/wp\/v2\/users\/15"}],"replies":[{"embeddable":true,"href":"http:\/\/blogg.varldenidag.se\/musik\/wp-json\/wp\/v2\/comments?post=5710"}],"version-history":[{"count":3,"href":"http:\/\/blogg.varldenidag.se\/musik\/wp-json\/wp\/v2\/posts\/5710\/revisions"}],"predecessor-version":[{"id":5716,"href":"http:\/\/blogg.varldenidag.se\/musik\/wp-json\/wp\/v2\/posts\/5710\/revisions\/5716"}],"wp:attachment":[{"href":"http:\/\/blogg.varldenidag.se\/musik\/wp-json\/wp\/v2\/media?parent=5710"}],"wp:term":[{"taxonomy":"category","embeddable":true,"href":"http:\/\/blogg.varldenidag.se\/musik\/wp-json\/wp\/v2\/categories?post=5710"},{"taxonomy":"post_tag","embeddable":true,"href":"http:\/\/blogg.varldenidag.se\/musik\/wp-json\/wp\/v2\/tags?post=5710"}],"curies":[{"name":"wp","href":"https:\/\/api.w.org\/{rel}","templated":true}]}}