{"id":5697,"date":"2020-11-17T00:31:35","date_gmt":"2020-11-16T23:31:35","guid":{"rendered":"http:\/\/blogg.varldenidag.se\/musik\/?p=5697"},"modified":"2020-11-18T10:37:43","modified_gmt":"2020-11-18T09:37:43","slug":"svensk-rock-med-jesusfokus","status":"publish","type":"post","link":"http:\/\/blogg.varldenidag.se\/musik\/svensk-rock-med-jesusfokus\/","title":{"rendered":"Svensk rock med Jesusfokus"},"content":{"rendered":"<p>Svenska musiklegendarer som\u00a0<strong>Simon \u00c5dahl\u00a0<\/strong>och\u00a0<strong>Danne Tibell\u00a0<\/strong>i ett och samma band \u2013 kan det bli annat \u00e4n bra? Troligtvis inte!<\/p>\n<p>Den nya svenska gruppen <strong>Larm!<\/strong> best\u00e5r av ett g\u00e4ng minst sagt rutinerade rockare med erfarenheter fr\u00e5n bland annat Jerusalem p\u00e5 sina CV:n med en stor passion f\u00f6r att sprida budskapet om Jesus genom sin musik. Det g\u00f6r de genom rock p\u00e5 svenska; b\u00e5de med ett par covers fr\u00e5n\u00a0<strong>\u00c5dahl\u00a0<\/strong>och\u00a0<strong>Jerusalem,\u00a0<\/strong>men inte minst med ett helt knippe purf\u00e4rsk musik.<\/p>\n<p>Ettt riktigt bra rockg\u00e4ng som du b\u00f6r spana in bums!<\/p>\n<p><strong>Spotify-l\u00e4nk:\u00a0<\/strong><a href=\"https:\/\/open.spotify.com\/track\/1vlIy33OeDWqsvtOWi6pvI?si=rU7u851mSBaRTssapGVGzA\">https:\/\/open.spotify.com\/track\/1vlIy33OeDWqsvtOWi6pvI?si=rU7u851mSBaRTssapGVGzA<\/a><\/p>\n<p><strong>PS! Se bandets releasekonsert h\u00e4r:<\/strong>\u00a0<a href=\"https:\/\/www.himlentv7.se\/larm\/\">https:\/\/www.himlentv7.se\/larm\/<\/a><\/p>\n<div class=\"video-container\"><iframe loading=\"lazy\" title=\"Jag V\u00e4ntar P\u00e5 Dig - 2020\" width=\"500\" height=\"375\" src=\"https:\/\/www.youtube.com\/embed\/U3m5WhOFli8?feature=oembed\" frameborder=\"0\" allow=\"accelerometer; autoplay; clipboard-write; encrypted-media; gyroscope; picture-in-picture; web-share\" referrerpolicy=\"strict-origin-when-cross-origin\" allowfullscreen><\/iframe><\/div>\n","protected":false},"excerpt":{"rendered":"<p>Svenska musiklegendarer som\u00a0Simon \u00c5dahl\u00a0och\u00a0Danne Tibell\u00a0i ett och samma band \u2013 kan det bli annat \u00e4n bra? Troligtvis inte! Den nya svenska gruppen Larm! best\u00e5r av ett g\u00e4ng [&hellip;]<\/p>\n","protected":false},"author":15,"featured_media":0,"comment_status":"open","ping_status":"open","sticky":false,"template":"","format":"standard","meta":{"footnotes":"","_links_to":"","_links_to_target":""},"categories":[1],"tags":[],"class_list":["post-5697","post","type-post","status-publish","format-standard","hentry","category-musik"],"_links":{"self":[{"href":"http:\/\/blogg.varldenidag.se\/musik\/wp-json\/wp\/v2\/posts\/5697","targetHints":{"allow":["GET"]}}],"collection":[{"href":"http:\/\/blogg.varldenidag.se\/musik\/wp-json\/wp\/v2\/posts"}],"about":[{"href":"http:\/\/blogg.varldenidag.se\/musik\/wp-json\/wp\/v2\/types\/post"}],"author":[{"embeddable":true,"href":"http:\/\/blogg.varldenidag.se\/musik\/wp-json\/wp\/v2\/users\/15"}],"replies":[{"embeddable":true,"href":"http:\/\/blogg.varldenidag.se\/musik\/wp-json\/wp\/v2\/comments?post=5697"}],"version-history":[{"count":5,"href":"http:\/\/blogg.varldenidag.se\/musik\/wp-json\/wp\/v2\/posts\/5697\/revisions"}],"predecessor-version":[{"id":5720,"href":"http:\/\/blogg.varldenidag.se\/musik\/wp-json\/wp\/v2\/posts\/5697\/revisions\/5720"}],"wp:attachment":[{"href":"http:\/\/blogg.varldenidag.se\/musik\/wp-json\/wp\/v2\/media?parent=5697"}],"wp:term":[{"taxonomy":"category","embeddable":true,"href":"http:\/\/blogg.varldenidag.se\/musik\/wp-json\/wp\/v2\/categories?post=5697"},{"taxonomy":"post_tag","embeddable":true,"href":"http:\/\/blogg.varldenidag.se\/musik\/wp-json\/wp\/v2\/tags?post=5697"}],"curies":[{"name":"wp","href":"https:\/\/api.w.org\/{rel}","templated":true}]}}