{"id":5601,"date":"2020-10-07T00:59:25","date_gmt":"2020-10-06T22:59:25","guid":{"rendered":"http:\/\/blogg.varldenidag.se\/musik\/?p=5601"},"modified":"2020-10-13T15:05:52","modified_gmt":"2020-10-13T13:05:52","slug":"starkt-vastkustsamarbete-pa-ny-svensk-singel","status":"publish","type":"post","link":"http:\/\/blogg.varldenidag.se\/musik\/starkt-vastkustsamarbete-pa-ny-svensk-singel\/","title":{"rendered":"Starkt V\u00e4stkustsamarbete p\u00e5 ny svensk singel"},"content":{"rendered":"<p>Svenska duon\u00a0<strong>Hope<\/strong>, best\u00e5ende av Therese och Joakim Sandstr\u00f6m, har \u00e4nd\u00e5 sedan f\u00f6rsta singelsl\u00e4ppet h\u00e4rom\u00e5ret \u2013 via f\u00f6rsta full\u00e4ngdaren som kom ifjol \u2013 imponerat med proffsiga produktioner och texter med djup, och de har sk\u00e4mt bort oss med riktigt grym musik. Nu \u00e4r de tillbaka med nytt material \u2013 och denna g\u00e5ng s\u00e5 svenska. P\u00e5 singeln\u00a0<em>&#8221;Nog f\u00f6r mig&#8221;,\u00a0<\/em>baserat p\u00e5 en bibelvers fr\u00e5n Korintierbrevet, har de dessutom hj\u00e4lp av\u00a0<strong>Jaze,\u00a0<\/strong>en annan artist med G\u00f6teborgsanknytning.<\/p>\n<p><em>&#8221;Nog f\u00f6r mig&#8221;\u00a0<\/em>\u00e4r riktigt snyggt musikaliskt f\u00f6rpackad, i en sk\u00f6n soul\/elektro-kostym som du kommer vilja h\u00f6ra om och om hela h\u00f6sten. Missa inte!<\/p>\n<p><strong>Spotify-l\u00e4nk:<\/strong>\u00a0<a href=\"https:\/\/open.spotify.com\/track\/0yxksNMhyY3739A2L4MNTf?si=q5xs8wC1TkCEq4F7cDGhPQ\">https:\/\/open.spotify.com\/track\/0yxksNMhyY3739A2L4MNTf?si=q5xs8wC1TkCEq4F7cDGhPQ<\/a><\/p>\n","protected":false},"excerpt":{"rendered":"<p>Svenska duon\u00a0Hope, best\u00e5ende av Therese och Joakim Sandstr\u00f6m, har \u00e4nd\u00e5 sedan f\u00f6rsta singelsl\u00e4ppet h\u00e4rom\u00e5ret \u2013 via f\u00f6rsta full\u00e4ngdaren som kom ifjol \u2013 imponerat med proffsiga produktioner och [&hellip;]<\/p>\n","protected":false},"author":15,"featured_media":0,"comment_status":"open","ping_status":"open","sticky":false,"template":"","format":"standard","meta":{"footnotes":"","_links_to":"","_links_to_target":""},"categories":[1],"tags":[],"class_list":["post-5601","post","type-post","status-publish","format-standard","hentry","category-musik"],"_links":{"self":[{"href":"http:\/\/blogg.varldenidag.se\/musik\/wp-json\/wp\/v2\/posts\/5601","targetHints":{"allow":["GET"]}}],"collection":[{"href":"http:\/\/blogg.varldenidag.se\/musik\/wp-json\/wp\/v2\/posts"}],"about":[{"href":"http:\/\/blogg.varldenidag.se\/musik\/wp-json\/wp\/v2\/types\/post"}],"author":[{"embeddable":true,"href":"http:\/\/blogg.varldenidag.se\/musik\/wp-json\/wp\/v2\/users\/15"}],"replies":[{"embeddable":true,"href":"http:\/\/blogg.varldenidag.se\/musik\/wp-json\/wp\/v2\/comments?post=5601"}],"version-history":[{"count":4,"href":"http:\/\/blogg.varldenidag.se\/musik\/wp-json\/wp\/v2\/posts\/5601\/revisions"}],"predecessor-version":[{"id":5636,"href":"http:\/\/blogg.varldenidag.se\/musik\/wp-json\/wp\/v2\/posts\/5601\/revisions\/5636"}],"wp:attachment":[{"href":"http:\/\/blogg.varldenidag.se\/musik\/wp-json\/wp\/v2\/media?parent=5601"}],"wp:term":[{"taxonomy":"category","embeddable":true,"href":"http:\/\/blogg.varldenidag.se\/musik\/wp-json\/wp\/v2\/categories?post=5601"},{"taxonomy":"post_tag","embeddable":true,"href":"http:\/\/blogg.varldenidag.se\/musik\/wp-json\/wp\/v2\/tags?post=5601"}],"curies":[{"name":"wp","href":"https:\/\/api.w.org\/{rel}","templated":true}]}}