{"id":5537,"date":"2020-09-08T00:46:54","date_gmt":"2020-09-07T22:46:54","guid":{"rendered":"http:\/\/blogg.varldenidag.se\/musik\/?p=5537"},"modified":"2020-08-28T09:02:00","modified_gmt":"2020-08-28T07:02:00","slug":"starkt-debutalbum-fran-wtk","status":"publish","type":"post","link":"http:\/\/blogg.varldenidag.se\/musik\/starkt-debutalbum-fran-wtk\/","title":{"rendered":"Starkt debutalbum fr\u00e5n WTK"},"content":{"rendered":"<p>De m\u00e5 vara debutanter som band \u2013 men &#8221;supergruppen&#8221;\u00a0<strong>We The Kingdom\u00a0<\/strong>\u00e4r allt annat \u00e4n n\u00e5gra duvungar p\u00e5 musikscenen. Br\u00f6derna\u00a0<strong>Scott\u00a0<\/strong>och\u00a0<strong>Ed\u00a0Cash\u00a0<\/strong>som utg\u00f6r tv\u00e5 av medlemmarna \u00e4r exempelvis b\u00e5da v\u00e4lmeriterade som l\u00e5tskrivare och producenter, d\u00e4r den sistn\u00e4mnde \u00e4r ett av de allra st\u00f6rsta namnen p\u00e5 den kristna musikscenen \u2013 och som bland annat kan stoltsera med inte mindre \u00e4n 18 (!)\u00a0Dove Awards-vinster.<\/p>\n<p>Alla musik\u00e4lskare kan bara tacka och ta emot \u00f6ver att hela klanen Cash best\u00e4mde sig f\u00f6r att starta\u00a0<strong>WTK\u00a0<\/strong>tillsammans \u2013 f\u00f6r deras pinf\u00e4rska debutalbum\u00a0<em>&#8221;Holy Water&#8221;\u00a0<\/em>\u00e4r inget annat \u00e4n en stor framg\u00e5ng fr\u00e5n b\u00f6rjan till slut. Deras\u00a0<em>&#8221;Holy Water&#8221;\u00a0<\/em>och\u00a0<em>&#8221;Dancing On The Waves<\/em>&#8221; har redan vunnit m\u00e5ngas hj\u00e4rtan, men avslutande l\u00e5ten\u00a0<em>&#8221;You Are Heaven&#8221;\u00a0<\/em>\u00e4r b\u00e5de ett av skivans gladaste och allra b\u00e4sta stunder. En l\u00e5t \u2013 och album! \u2013 som du absolut inte b\u00f6r missa!<\/p>\n<p><strong>Spotify-l\u00e4nk:\u00a0<\/strong><a href=\"https:\/\/open.spotify.com\/track\/4gVQAW0kZ1AZ9XHdH0w5CX?si=CpcX055pRZKjoaPX-7fOYQ\">https:\/\/open.spotify.com\/track\/4gVQAW0kZ1AZ9XHdH0w5CX?si=CpcX055pRZKjoaPX-7fOYQ<\/a><\/p>\n<div class=\"video-container\"><iframe loading=\"lazy\" title=\"We The Kingdom - You Are Heaven [Audio]\" width=\"500\" height=\"281\" src=\"https:\/\/www.youtube.com\/embed\/3hnC2sZN7_I?feature=oembed\" frameborder=\"0\" allow=\"accelerometer; autoplay; clipboard-write; encrypted-media; gyroscope; picture-in-picture; web-share\" referrerpolicy=\"strict-origin-when-cross-origin\" allowfullscreen><\/iframe><\/div>\n","protected":false},"excerpt":{"rendered":"<p>De m\u00e5 vara debutanter som band \u2013 men &#8221;supergruppen&#8221;\u00a0We The Kingdom\u00a0\u00e4r allt annat \u00e4n n\u00e5gra duvungar p\u00e5 musikscenen. Br\u00f6derna\u00a0Scott\u00a0och\u00a0Ed\u00a0Cash\u00a0som utg\u00f6r tv\u00e5 av medlemmarna \u00e4r exempelvis b\u00e5da v\u00e4lmeriterade [&hellip;]<\/p>\n","protected":false},"author":15,"featured_media":0,"comment_status":"open","ping_status":"open","sticky":false,"template":"","format":"standard","meta":{"footnotes":"","_links_to":"","_links_to_target":""},"categories":[1],"tags":[],"class_list":["post-5537","post","type-post","status-publish","format-standard","hentry","category-musik"],"_links":{"self":[{"href":"http:\/\/blogg.varldenidag.se\/musik\/wp-json\/wp\/v2\/posts\/5537","targetHints":{"allow":["GET"]}}],"collection":[{"href":"http:\/\/blogg.varldenidag.se\/musik\/wp-json\/wp\/v2\/posts"}],"about":[{"href":"http:\/\/blogg.varldenidag.se\/musik\/wp-json\/wp\/v2\/types\/post"}],"author":[{"embeddable":true,"href":"http:\/\/blogg.varldenidag.se\/musik\/wp-json\/wp\/v2\/users\/15"}],"replies":[{"embeddable":true,"href":"http:\/\/blogg.varldenidag.se\/musik\/wp-json\/wp\/v2\/comments?post=5537"}],"version-history":[{"count":4,"href":"http:\/\/blogg.varldenidag.se\/musik\/wp-json\/wp\/v2\/posts\/5537\/revisions"}],"predecessor-version":[{"id":5551,"href":"http:\/\/blogg.varldenidag.se\/musik\/wp-json\/wp\/v2\/posts\/5537\/revisions\/5551"}],"wp:attachment":[{"href":"http:\/\/blogg.varldenidag.se\/musik\/wp-json\/wp\/v2\/media?parent=5537"}],"wp:term":[{"taxonomy":"category","embeddable":true,"href":"http:\/\/blogg.varldenidag.se\/musik\/wp-json\/wp\/v2\/categories?post=5537"},{"taxonomy":"post_tag","embeddable":true,"href":"http:\/\/blogg.varldenidag.se\/musik\/wp-json\/wp\/v2\/tags?post=5537"}],"curies":[{"name":"wp","href":"https:\/\/api.w.org\/{rel}","templated":true}]}}