{"id":5347,"date":"2020-05-09T00:34:56","date_gmt":"2020-05-08T22:34:56","guid":{"rendered":"http:\/\/blogg.varldenidag.se\/musik\/?p=5347"},"modified":"2020-05-11T09:45:15","modified_gmt":"2020-05-11T07:45:15","slug":"drom-dig-bort-i-var-spellista","status":"publish","type":"post","link":"http:\/\/blogg.varldenidag.se\/musik\/drom-dig-bort-i-var-spellista\/","title":{"rendered":"Dr\u00f6m dig bort i v\u00e5r spellista!"},"content":{"rendered":"<p>L\u00e4ngtar du ut p\u00e5 resande fot runtom i v\u00e4rlden igen? Vi tror stenh\u00e5rt p\u00e5 epitetet\u00a0<em>&#8221;det finns alltid en spellista!&#8221;\u00a0<\/em>och det st\u00e4mmer \u00e4ven i detta fall!\u00a0<strong>Around The World\u00a0<\/strong>\u00e4r v\u00e5rt bidrag f\u00f6r alla de som har slut i reskassan, som bara vill ha inspiration eller som helt enkelt l\u00e4ngtar s\u00e5 otroligt mycket efter att f\u00e5 packa backpacken igen.<\/p>\n<p>Psst&#8230; f\u00f6lj SOUNDSHINE p\u00e5 Spotify f\u00f6r en v\u00e4rld av spellistor!<\/p>\n<p><a href=\"https:\/\/open.spotify.com\/playlist\/2l80IqjcMWVUFwbKvG7aId?si=-mcG9CUTSn6UbYhXJLKK1g\">https:\/\/open.spotify.com\/playlist\/2l80IqjcMWVUFwbKvG7aId?si=-mcG9CUTSn6UbYhXJLKK1g<\/a><\/p>\n","protected":false},"excerpt":{"rendered":"<p>L\u00e4ngtar du ut p\u00e5 resande fot runtom i v\u00e4rlden igen? Vi tror stenh\u00e5rt p\u00e5 epitetet\u00a0&#8221;det finns alltid en spellista!&#8221;\u00a0och det st\u00e4mmer \u00e4ven i detta fall!\u00a0Around The World\u00a0\u00e4r [&hellip;]<\/p>\n","protected":false},"author":15,"featured_media":0,"comment_status":"open","ping_status":"open","sticky":false,"template":"","format":"standard","meta":{"footnotes":"","_links_to":"","_links_to_target":""},"categories":[1],"tags":[],"class_list":["post-5347","post","type-post","status-publish","format-standard","hentry","category-musik"],"_links":{"self":[{"href":"http:\/\/blogg.varldenidag.se\/musik\/wp-json\/wp\/v2\/posts\/5347","targetHints":{"allow":["GET"]}}],"collection":[{"href":"http:\/\/blogg.varldenidag.se\/musik\/wp-json\/wp\/v2\/posts"}],"about":[{"href":"http:\/\/blogg.varldenidag.se\/musik\/wp-json\/wp\/v2\/types\/post"}],"author":[{"embeddable":true,"href":"http:\/\/blogg.varldenidag.se\/musik\/wp-json\/wp\/v2\/users\/15"}],"replies":[{"embeddable":true,"href":"http:\/\/blogg.varldenidag.se\/musik\/wp-json\/wp\/v2\/comments?post=5347"}],"version-history":[{"count":2,"href":"http:\/\/blogg.varldenidag.se\/musik\/wp-json\/wp\/v2\/posts\/5347\/revisions"}],"predecessor-version":[{"id":5364,"href":"http:\/\/blogg.varldenidag.se\/musik\/wp-json\/wp\/v2\/posts\/5347\/revisions\/5364"}],"wp:attachment":[{"href":"http:\/\/blogg.varldenidag.se\/musik\/wp-json\/wp\/v2\/media?parent=5347"}],"wp:term":[{"taxonomy":"category","embeddable":true,"href":"http:\/\/blogg.varldenidag.se\/musik\/wp-json\/wp\/v2\/categories?post=5347"},{"taxonomy":"post_tag","embeddable":true,"href":"http:\/\/blogg.varldenidag.se\/musik\/wp-json\/wp\/v2\/tags?post=5347"}],"curies":[{"name":"wp","href":"https:\/\/api.w.org\/{rel}","templated":true}]}}