{"id":533,"date":"2012-08-28T07:00:59","date_gmt":"2012-08-28T05:00:59","guid":{"rendered":"http:\/\/blogg.varldenidag.se\/musik\/?p=533"},"modified":"2012-08-27T23:00:22","modified_gmt":"2012-08-27T21:00:22","slug":"beckah-shae-uppmanar-till-reflektion","status":"publish","type":"post","link":"http:\/\/blogg.varldenidag.se\/musik\/beckah-shae-uppmanar-till-reflektion\/","title":{"rendered":"Beckah Shae uppmanar till reflektion"},"content":{"rendered":"<p>Indiependentartisten <strong>Beckah Shae<\/strong> sl\u00e4pper om en vecka skivan <em>Rest<\/em> (vars titelsp\u00e5r g\u00e5r att lyssna p\u00e5 h\u00e4r ovanf\u00f6r). Tidigare har hon gjort m\u00e5nga up-tempo-l\u00e5tar men verkar med denna skiva g\u00e5 i en lite annan riktning, \u00e5t det lugnare h\u00e5llet.<\/p>\n<p>Men precis som innan f\u00e5r vi som lyssnare en s\u00e4ker s\u00e5nginsats och ett t\u00e4nkv\u00e4rt budskap fr\u00e5n en av den kristna musikens \u00e4nnu relativt ok\u00e4nda r\u00f6ster.<\/p>\n","protected":false},"excerpt":{"rendered":"<p>Indiependentartisten Beckah Shae sl\u00e4pper om en vecka skivan Rest (vars titelsp\u00e5r g\u00e5r att lyssna p\u00e5 h\u00e4r ovanf\u00f6r). Tidigare har hon gjort m\u00e5nga up-tempo-l\u00e5tar men verkar med denna [&hellip;]<\/p>\n","protected":false},"author":14,"featured_media":536,"comment_status":"open","ping_status":"open","sticky":false,"template":"","format":"standard","meta":{"footnotes":"","_links_to":"","_links_to_target":""},"categories":[1],"tags":[140],"class_list":["post-533","post","type-post","status-publish","format-standard","has-post-thumbnail","hentry","category-musik","tag-beckah-shae"],"_links":{"self":[{"href":"http:\/\/blogg.varldenidag.se\/musik\/wp-json\/wp\/v2\/posts\/533","targetHints":{"allow":["GET"]}}],"collection":[{"href":"http:\/\/blogg.varldenidag.se\/musik\/wp-json\/wp\/v2\/posts"}],"about":[{"href":"http:\/\/blogg.varldenidag.se\/musik\/wp-json\/wp\/v2\/types\/post"}],"author":[{"embeddable":true,"href":"http:\/\/blogg.varldenidag.se\/musik\/wp-json\/wp\/v2\/users\/14"}],"replies":[{"embeddable":true,"href":"http:\/\/blogg.varldenidag.se\/musik\/wp-json\/wp\/v2\/comments?post=533"}],"version-history":[{"count":7,"href":"http:\/\/blogg.varldenidag.se\/musik\/wp-json\/wp\/v2\/posts\/533\/revisions"}],"predecessor-version":[{"id":538,"href":"http:\/\/blogg.varldenidag.se\/musik\/wp-json\/wp\/v2\/posts\/533\/revisions\/538"}],"wp:featuredmedia":[{"embeddable":true,"href":"http:\/\/blogg.varldenidag.se\/musik\/wp-json\/wp\/v2\/media\/536"}],"wp:attachment":[{"href":"http:\/\/blogg.varldenidag.se\/musik\/wp-json\/wp\/v2\/media?parent=533"}],"wp:term":[{"taxonomy":"category","embeddable":true,"href":"http:\/\/blogg.varldenidag.se\/musik\/wp-json\/wp\/v2\/categories?post=533"},{"taxonomy":"post_tag","embeddable":true,"href":"http:\/\/blogg.varldenidag.se\/musik\/wp-json\/wp\/v2\/tags?post=533"}],"curies":[{"name":"wp","href":"https:\/\/api.w.org\/{rel}","templated":true}]}}