{"id":5298,"date":"2020-04-21T00:50:39","date_gmt":"2020-04-20T22:50:39","guid":{"rendered":"http:\/\/blogg.varldenidag.se\/musik\/?p=5298"},"modified":"2020-04-22T08:50:51","modified_gmt":"2020-04-22T06:50:51","slug":"doldistrio-levererar","status":"publish","type":"post","link":"http:\/\/blogg.varldenidag.se\/musik\/doldistrio-levererar\/","title":{"rendered":"Doldistrio levererar"},"content":{"rendered":"<p>N\u00e4r tre doldisar g\u00f6r gemensam sak kan det bli riktigt bra. Det \u00e4r\u00a0<strong>Johnny Dukane,\u00a0<\/strong><strong>Josaia Charon\u00a0<\/strong>och\u00a0<strong>Hyper Fenton\u00a0<\/strong>ett bevis p\u00e5, f\u00f6r n\u00e4r de tillsammans skapar l\u00e5ten\u00a0<em>&#8221;Quiet Place Step&#8221;\u00a0<\/em>\u00e4r det sv\u00e5rt att inte vilja lyssna igen. Texaskillen <strong>Hy<\/strong><strong>per\u00a0<\/strong>har vi f\u00f6rvisso tipsat om flera g\u00e5nger tidigare men i \u00f6vrigt \u00e4r det h\u00e4r namn som kanske inte s\u00e5 m\u00e5nga h\u00f6rt talas om &#8211; \u00e4n.<\/p>\n<p><em>&#8221;Quiet Place Step&#8221;\u00a0<\/em>\u00e4r en annorlunda &#8221;slow hiphopd\u00e4nga&#8221; som kommer du snart vilja l\u00e5ta den bo kvar i dina h\u00f6gtalare, med sk\u00f6nt gung och en grym refr\u00e4ng &#8211; signerat tre stora musikaliska talanger. Dessutom utlovar vi att det finns stor chans att du kommer \u00e4lska l\u00e5tens text och budskap!<\/p>\n<p>En snygg refr\u00e4ng och ett sylvasst budskap i ingredienserna &#8211; och som krydda p\u00e5 moset: en riktig &#8221;karant\u00e4nvideo&#8221;!<\/p>\n<div class=\"video-container\"><iframe title=\"Spotify Embed: Quiet Place Step\" style=\"border-radius: 12px\" width=\"100%\" height=\"152\" frameborder=\"0\" allowfullscreen allow=\"autoplay; clipboard-write; encrypted-media; fullscreen; picture-in-picture\" loading=\"lazy\" src=\"https:\/\/open.spotify.com\/embed\/track\/4HwjVBlmPux92HpdDIAi43?si=JEJZ1sVkTvC4nRW_kf8anA&#038;utm_source=oembed\"><\/iframe><\/div>\n<div class=\"video-container\"><iframe loading=\"lazy\" title=\"&quot;Quiet Place Step&quot; W\/ Hyper Fenton - Live Performance [Meadows Baptist Church - 4.12.20]\" width=\"500\" height=\"281\" src=\"https:\/\/www.youtube.com\/embed\/HRXfQQI9KEg?feature=oembed\" frameborder=\"0\" allow=\"accelerometer; autoplay; clipboard-write; encrypted-media; gyroscope; picture-in-picture; web-share\" referrerpolicy=\"strict-origin-when-cross-origin\" allowfullscreen><\/iframe><\/div>\n","protected":false},"excerpt":{"rendered":"<p>N\u00e4r tre doldisar g\u00f6r gemensam sak kan det bli riktigt bra. Det \u00e4r\u00a0Johnny Dukane,\u00a0Josaia Charon\u00a0och\u00a0Hyper Fenton\u00a0ett bevis p\u00e5, f\u00f6r n\u00e4r de tillsammans skapar l\u00e5ten\u00a0&#8221;Quiet Place Step&#8221;\u00a0\u00e4r det [&hellip;]<\/p>\n","protected":false},"author":15,"featured_media":0,"comment_status":"open","ping_status":"open","sticky":false,"template":"","format":"standard","meta":{"footnotes":"","_links_to":"","_links_to_target":""},"categories":[1],"tags":[],"class_list":["post-5298","post","type-post","status-publish","format-standard","hentry","category-musik"],"_links":{"self":[{"href":"http:\/\/blogg.varldenidag.se\/musik\/wp-json\/wp\/v2\/posts\/5298","targetHints":{"allow":["GET"]}}],"collection":[{"href":"http:\/\/blogg.varldenidag.se\/musik\/wp-json\/wp\/v2\/posts"}],"about":[{"href":"http:\/\/blogg.varldenidag.se\/musik\/wp-json\/wp\/v2\/types\/post"}],"author":[{"embeddable":true,"href":"http:\/\/blogg.varldenidag.se\/musik\/wp-json\/wp\/v2\/users\/15"}],"replies":[{"embeddable":true,"href":"http:\/\/blogg.varldenidag.se\/musik\/wp-json\/wp\/v2\/comments?post=5298"}],"version-history":[{"count":2,"href":"http:\/\/blogg.varldenidag.se\/musik\/wp-json\/wp\/v2\/posts\/5298\/revisions"}],"predecessor-version":[{"id":5311,"href":"http:\/\/blogg.varldenidag.se\/musik\/wp-json\/wp\/v2\/posts\/5298\/revisions\/5311"}],"wp:attachment":[{"href":"http:\/\/blogg.varldenidag.se\/musik\/wp-json\/wp\/v2\/media?parent=5298"}],"wp:term":[{"taxonomy":"category","embeddable":true,"href":"http:\/\/blogg.varldenidag.se\/musik\/wp-json\/wp\/v2\/categories?post=5298"},{"taxonomy":"post_tag","embeddable":true,"href":"http:\/\/blogg.varldenidag.se\/musik\/wp-json\/wp\/v2\/tags?post=5298"}],"curies":[{"name":"wp","href":"https:\/\/api.w.org\/{rel}","templated":true}]}}