{"id":5255,"date":"2020-04-05T21:05:02","date_gmt":"2020-04-05T19:05:02","guid":{"rendered":"http:\/\/blogg.varldenidag.se\/musik\/?p=5255"},"modified":"2020-03-18T11:23:23","modified_gmt":"2020-03-18T10:23:23","slug":"spellistan-for-pasken","status":"publish","type":"post","link":"http:\/\/blogg.varldenidag.se\/musik\/spellistan-for-pasken\/","title":{"rendered":"Spellistan f\u00f6r p\u00e5sken!"},"content":{"rendered":"<p>D\u00f6d, begraven och p\u00e5 tredje dagen uppst\u00e5nden! P\u00e5sken \u00e4r snart h\u00e4r och det finns all anledning att uppdatera spellistorna med p\u00e5skens budskap lite extra. Vi har gjort det enkelt i form av spellistan\u00a0<strong>Vibe P\u00e5sk\u00a0<\/strong>&#8211; en samling av riktigt bra l\u00e5tar med budskapet om att Jesus d\u00f6tt p\u00e5 korset f\u00f6r v\u00e5ra synder. Den perfekta spellistan f\u00f6r p\u00e5sken, helt enkelt.<\/p>\n<p>Psst&#8230;. gl\u00f6m inte att f\u00f6lja SOUNDSHINE p\u00e5 Spotify f\u00f6r en v\u00e4rld av spellistor!<\/p>\n<div class=\"video-container\"><iframe title=\"Spotify Embed: P\u00e5sklistan\" style=\"border-radius: 12px\" width=\"100%\" height=\"352\" frameborder=\"0\" allowfullscreen allow=\"autoplay; clipboard-write; encrypted-media; fullscreen; picture-in-picture\" loading=\"lazy\" src=\"https:\/\/open.spotify.com\/embed\/playlist\/1Jm8UIscc7L234k3DwFYF2?si=g0keDyKqSm2PvW-s8hhvJQ&#038;utm_source=oembed\"><\/iframe><\/div>\n","protected":false},"excerpt":{"rendered":"<p>D\u00f6d, begraven och p\u00e5 tredje dagen uppst\u00e5nden! P\u00e5sken \u00e4r snart h\u00e4r och det finns all anledning att uppdatera spellistorna med p\u00e5skens budskap lite extra. Vi har gjort [&hellip;]<\/p>\n","protected":false},"author":15,"featured_media":0,"comment_status":"open","ping_status":"open","sticky":false,"template":"","format":"standard","meta":{"footnotes":"","_links_to":"","_links_to_target":""},"categories":[1],"tags":[],"class_list":["post-5255","post","type-post","status-publish","format-standard","hentry","category-musik"],"_links":{"self":[{"href":"http:\/\/blogg.varldenidag.se\/musik\/wp-json\/wp\/v2\/posts\/5255","targetHints":{"allow":["GET"]}}],"collection":[{"href":"http:\/\/blogg.varldenidag.se\/musik\/wp-json\/wp\/v2\/posts"}],"about":[{"href":"http:\/\/blogg.varldenidag.se\/musik\/wp-json\/wp\/v2\/types\/post"}],"author":[{"embeddable":true,"href":"http:\/\/blogg.varldenidag.se\/musik\/wp-json\/wp\/v2\/users\/15"}],"replies":[{"embeddable":true,"href":"http:\/\/blogg.varldenidag.se\/musik\/wp-json\/wp\/v2\/comments?post=5255"}],"version-history":[{"count":2,"href":"http:\/\/blogg.varldenidag.se\/musik\/wp-json\/wp\/v2\/posts\/5255\/revisions"}],"predecessor-version":[{"id":5261,"href":"http:\/\/blogg.varldenidag.se\/musik\/wp-json\/wp\/v2\/posts\/5255\/revisions\/5261"}],"wp:attachment":[{"href":"http:\/\/blogg.varldenidag.se\/musik\/wp-json\/wp\/v2\/media?parent=5255"}],"wp:term":[{"taxonomy":"category","embeddable":true,"href":"http:\/\/blogg.varldenidag.se\/musik\/wp-json\/wp\/v2\/categories?post=5255"},{"taxonomy":"post_tag","embeddable":true,"href":"http:\/\/blogg.varldenidag.se\/musik\/wp-json\/wp\/v2\/tags?post=5255"}],"curies":[{"name":"wp","href":"https:\/\/api.w.org\/{rel}","templated":true}]}}