{"id":5253,"date":"2020-03-15T22:02:16","date_gmt":"2020-03-15T21:02:16","guid":{"rendered":"http:\/\/blogg.varldenidag.se\/musik\/?p=5253"},"modified":"2020-03-18T11:26:37","modified_gmt":"2020-03-18T10:26:37","slug":"spellistan-mitt-i-krisen","status":"publish","type":"post","link":"http:\/\/blogg.varldenidag.se\/musik\/spellistan-mitt-i-krisen\/","title":{"rendered":"Spellistan mitt i krisen"},"content":{"rendered":"<p>Mitt i samh\u00e4llskrisen med hamstring, smittrisker och oro s\u00e5 passar det extra bra med ett soundtrack som ger dig hopp och som talar sanningar rakt in i just Ditt liv.<\/p>\n<p>Survive The Day \u00e4r spellistan som vi satt ihop f\u00f6r den som \u00e4r mitt inne i en tung period, som vill ladda f\u00f6r en stor utmaning eller som bara beh\u00f6ver lite mer hopp i sin vardag. Trevlig lyssning!<\/p>\n<p>Pssstt&#8230;. f\u00f6lj SOUNDSHINE p\u00e5 Spotify f\u00f6r en v\u00e4rld av spellistor!<\/p>\n<div class=\"video-container\"><iframe title=\"Spotify Embed: Survive The Day\" style=\"border-radius: 12px\" width=\"100%\" height=\"352\" frameborder=\"0\" allowfullscreen allow=\"autoplay; clipboard-write; encrypted-media; fullscreen; picture-in-picture\" loading=\"lazy\" src=\"https:\/\/open.spotify.com\/embed\/playlist\/6xpto1fZFhE0y84Cn4OJ0Q?si=2Bgu363IR8SJkYoLeovZLw&#038;utm_source=oembed\"><\/iframe><\/div>\n","protected":false},"excerpt":{"rendered":"<p>Mitt i samh\u00e4llskrisen med hamstring, smittrisker och oro s\u00e5 passar det extra bra med ett soundtrack som ger dig hopp och som talar sanningar rakt in i [&hellip;]<\/p>\n","protected":false},"author":15,"featured_media":0,"comment_status":"open","ping_status":"open","sticky":false,"template":"","format":"standard","meta":{"footnotes":"","_links_to":"","_links_to_target":""},"categories":[1],"tags":[],"class_list":["post-5253","post","type-post","status-publish","format-standard","hentry","category-musik"],"_links":{"self":[{"href":"http:\/\/blogg.varldenidag.se\/musik\/wp-json\/wp\/v2\/posts\/5253","targetHints":{"allow":["GET"]}}],"collection":[{"href":"http:\/\/blogg.varldenidag.se\/musik\/wp-json\/wp\/v2\/posts"}],"about":[{"href":"http:\/\/blogg.varldenidag.se\/musik\/wp-json\/wp\/v2\/types\/post"}],"author":[{"embeddable":true,"href":"http:\/\/blogg.varldenidag.se\/musik\/wp-json\/wp\/v2\/users\/15"}],"replies":[{"embeddable":true,"href":"http:\/\/blogg.varldenidag.se\/musik\/wp-json\/wp\/v2\/comments?post=5253"}],"version-history":[{"count":2,"href":"http:\/\/blogg.varldenidag.se\/musik\/wp-json\/wp\/v2\/posts\/5253\/revisions"}],"predecessor-version":[{"id":5266,"href":"http:\/\/blogg.varldenidag.se\/musik\/wp-json\/wp\/v2\/posts\/5253\/revisions\/5266"}],"wp:attachment":[{"href":"http:\/\/blogg.varldenidag.se\/musik\/wp-json\/wp\/v2\/media?parent=5253"}],"wp:term":[{"taxonomy":"category","embeddable":true,"href":"http:\/\/blogg.varldenidag.se\/musik\/wp-json\/wp\/v2\/categories?post=5253"},{"taxonomy":"post_tag","embeddable":true,"href":"http:\/\/blogg.varldenidag.se\/musik\/wp-json\/wp\/v2\/tags?post=5253"}],"curies":[{"name":"wp","href":"https:\/\/api.w.org\/{rel}","templated":true}]}}