{"id":523,"date":"2012-08-26T15:45:32","date_gmt":"2012-08-26T13:45:32","guid":{"rendered":"http:\/\/blogg.varldenidag.se\/musik\/?p=523"},"modified":"2012-08-26T17:22:18","modified_gmt":"2012-08-26T15:22:18","slug":"fredenwall-vann-svensktoppen-nasta","status":"publish","type":"post","link":"http:\/\/blogg.varldenidag.se\/musik\/fredenwall-vann-svensktoppen-nasta\/","title":{"rendered":"Fredenwall vann Svensktoppen N\u00e4sta"},"content":{"rendered":"<p><a href=\"http:\/\/blogg.varldenidag.se\/musik\/files\/2012\/08\/teresefredenwall_vinnare_sr.jpg\"><img loading=\"lazy\" decoding=\"async\" class=\"alignnone  wp-image-527\" src=\"http:\/\/blogg.varldenidag.se\/musik\/files\/2012\/08\/teresefredenwall_vinnare_sr-1024x701.jpg\" alt=\"Foto: Johan Ljungstr\u00f6m\/Sveriges Radio\" width=\"709\" height=\"485\" srcset=\"http:\/\/blogg.varldenidag.se\/musik\/files\/2012\/08\/teresefredenwall_vinnare_sr-1024x701.jpg 1024w, http:\/\/blogg.varldenidag.se\/musik\/files\/2012\/08\/teresefredenwall_vinnare_sr-300x205.jpg 300w, http:\/\/blogg.varldenidag.se\/musik\/files\/2012\/08\/teresefredenwall_vinnare_sr.jpg 1200w\" sizes=\"auto, (max-width: 709px) 100vw, 709px\" \/><\/a><\/p>\n<p style=\"text-align: left\">F\u00f6r bara n\u00e5gon minut sedan stod det klart att <strong>Terese Fredenwall<\/strong> gick hem som segrare i P4:as Svensktoppen N\u00e4sta-t\u00e4vling (<a title=\"Terese Fredenwall till Melodifestivalen?\" href=\"http:\/\/blogg.varldenidag.se\/musik\/terese-fredenwall-till-melodifestivalen\/\">som vi skrev om h\u00e4r<\/a>). Det inneb\u00e4r att hennes l\u00e5t kommer att testas p\u00e5 Svensktoppen och att hon nu beh\u00f6ver skriva en ny l\u00e5t (alternativt plocka fram en l\u00e5t som inte spelats offentligt) till n\u00e4sta \u00e5rs melodifestival.<\/p>\n<p>Det \u00e4r bara att gratulera!<\/p>\n<p>Foto: Johan Ljungstr\u00f6m\/Sveriges Radio<\/p>\n","protected":false},"excerpt":{"rendered":"<p>F\u00f6r bara n\u00e5gon minut sedan stod det klart att Terese Fredenwall gick hem som segrare i P4:as Svensktoppen N\u00e4sta-t\u00e4vling (som vi skrev om h\u00e4r). Det inneb\u00e4r att [&hellip;]<\/p>\n","protected":false},"author":14,"featured_media":527,"comment_status":"open","ping_status":"open","sticky":false,"template":"","format":"standard","meta":{"footnotes":"","_links_to":"","_links_to_target":""},"categories":[1],"tags":[124,122,123,86],"class_list":["post-523","post","type-post","status-publish","format-standard","has-post-thumbnail","hentry","category-musik","tag-melodifestivalen","tag-svensktoppen","tag-svensktoppen-nasta","tag-terese-fredenwall"],"_links":{"self":[{"href":"http:\/\/blogg.varldenidag.se\/musik\/wp-json\/wp\/v2\/posts\/523","targetHints":{"allow":["GET"]}}],"collection":[{"href":"http:\/\/blogg.varldenidag.se\/musik\/wp-json\/wp\/v2\/posts"}],"about":[{"href":"http:\/\/blogg.varldenidag.se\/musik\/wp-json\/wp\/v2\/types\/post"}],"author":[{"embeddable":true,"href":"http:\/\/blogg.varldenidag.se\/musik\/wp-json\/wp\/v2\/users\/14"}],"replies":[{"embeddable":true,"href":"http:\/\/blogg.varldenidag.se\/musik\/wp-json\/wp\/v2\/comments?post=523"}],"version-history":[{"count":7,"href":"http:\/\/blogg.varldenidag.se\/musik\/wp-json\/wp\/v2\/posts\/523\/revisions"}],"predecessor-version":[{"id":532,"href":"http:\/\/blogg.varldenidag.se\/musik\/wp-json\/wp\/v2\/posts\/523\/revisions\/532"}],"wp:featuredmedia":[{"embeddable":true,"href":"http:\/\/blogg.varldenidag.se\/musik\/wp-json\/wp\/v2\/media\/527"}],"wp:attachment":[{"href":"http:\/\/blogg.varldenidag.se\/musik\/wp-json\/wp\/v2\/media?parent=523"}],"wp:term":[{"taxonomy":"category","embeddable":true,"href":"http:\/\/blogg.varldenidag.se\/musik\/wp-json\/wp\/v2\/categories?post=523"},{"taxonomy":"post_tag","embeddable":true,"href":"http:\/\/blogg.varldenidag.se\/musik\/wp-json\/wp\/v2\/tags?post=523"}],"curies":[{"name":"wp","href":"https:\/\/api.w.org\/{rel}","templated":true}]}}