{"id":5223,"date":"2020-03-14T00:13:43","date_gmt":"2020-03-13T23:13:43","guid":{"rendered":"http:\/\/blogg.varldenidag.se\/musik\/?p=5223"},"modified":"2020-03-10T08:39:56","modified_gmt":"2020-03-10T07:39:56","slug":"snygg-pop-med-switch","status":"publish","type":"post","link":"http:\/\/blogg.varldenidag.se\/musik\/snygg-pop-med-switch\/","title":{"rendered":"Snygg pop med Switch"},"content":{"rendered":"<p>Till vardags \u00e4r de lovs\u00e5ngspastorer i amerikanska Life.Church. Men d\u00e4remellan har de fyra medlemmarna i gruppen\u00a0<strong>Switch <\/strong>tillsammans\u00a0en karri\u00e4r som blomstrar \u00e4nnu mer. Deras\u00a0<em>&#8221;Symphony&#8221;\u00a0<\/em>har redan passerat en bra bit \u00f6ver 9,5 miljoner lyssningar bara p\u00e5 Spotify och f\u00e5r d\u00e4rmed m\u00e5ste vi r\u00e4kna in\u00a0<strong>Switch\u00a0<\/strong>som ett av de stora komet-genombrotten under 2019.<\/p>\n<p>Nu f\u00f6ljs l\u00e5ten upp med debutalbumet med samma namn &#8211; och vi lovar att det h\u00e4r \u00e4r godis f\u00f6r den som vill uppt\u00e4cka ny, modern, fr\u00e4sch musik. Hur de \u00e4n formar sin musik s\u00e5 lyckas\u00a0<strong>Switch\u00a0<\/strong>f\u00e5 det att l\u00e5ta som pop ska g\u00f6ra 2020. De musikaliska f\u00f6rpackningarna \u00e4r vassa och dessutom visar de upp hela sitt register av starka s\u00e5ngr\u00f6ster.<\/p>\n<p>Ett favoritsp\u00e5r fr\u00e5n skivan \u00e4r helt klart \u00f6ppningssp\u00e5ret &#8211;\u00a0<em>&#8221;Wild&#8221; &#8211;\u00a0<\/em>som borde ordineras som gl\u00e4djepiller av v\u00e4rldens l\u00e4kark\u00e5rer. Snyggt producerad pop som fastnar i dina \u00f6ron. Vi gillar&#8217;t!<\/p>\n<div class=\"video-container\"><iframe title=\"Spotify Embed: Wild\" style=\"border-radius: 12px\" width=\"100%\" height=\"152\" frameborder=\"0\" allowfullscreen allow=\"autoplay; clipboard-write; encrypted-media; fullscreen; picture-in-picture\" loading=\"lazy\" src=\"https:\/\/open.spotify.com\/embed\/track\/2kE6k9SdHJpq4NR4nF2VxF?si=oTMDoYCHRCSX4qcZCLWCzg&#038;utm_source=oembed\"><\/iframe><\/div>\n<div class=\"video-container\"><iframe loading=\"lazy\" title=\"Switch - &quot;Wild&quot;\" width=\"500\" height=\"281\" src=\"https:\/\/www.youtube.com\/embed\/zULmLUklWXk?feature=oembed\" frameborder=\"0\" allow=\"accelerometer; autoplay; clipboard-write; encrypted-media; gyroscope; picture-in-picture; web-share\" referrerpolicy=\"strict-origin-when-cross-origin\" allowfullscreen><\/iframe><\/div>\n","protected":false},"excerpt":{"rendered":"<p>Till vardags \u00e4r de lovs\u00e5ngspastorer i amerikanska Life.Church. Men d\u00e4remellan har de fyra medlemmarna i gruppen\u00a0Switch tillsammans\u00a0en karri\u00e4r som blomstrar \u00e4nnu mer. Deras\u00a0&#8221;Symphony&#8221;\u00a0har redan passerat en bra [&hellip;]<\/p>\n","protected":false},"author":15,"featured_media":0,"comment_status":"open","ping_status":"open","sticky":false,"template":"","format":"standard","meta":{"footnotes":"","_links_to":"","_links_to_target":""},"categories":[1],"tags":[],"class_list":["post-5223","post","type-post","status-publish","format-standard","hentry","category-musik"],"_links":{"self":[{"href":"http:\/\/blogg.varldenidag.se\/musik\/wp-json\/wp\/v2\/posts\/5223","targetHints":{"allow":["GET"]}}],"collection":[{"href":"http:\/\/blogg.varldenidag.se\/musik\/wp-json\/wp\/v2\/posts"}],"about":[{"href":"http:\/\/blogg.varldenidag.se\/musik\/wp-json\/wp\/v2\/types\/post"}],"author":[{"embeddable":true,"href":"http:\/\/blogg.varldenidag.se\/musik\/wp-json\/wp\/v2\/users\/15"}],"replies":[{"embeddable":true,"href":"http:\/\/blogg.varldenidag.se\/musik\/wp-json\/wp\/v2\/comments?post=5223"}],"version-history":[{"count":2,"href":"http:\/\/blogg.varldenidag.se\/musik\/wp-json\/wp\/v2\/posts\/5223\/revisions"}],"predecessor-version":[{"id":5232,"href":"http:\/\/blogg.varldenidag.se\/musik\/wp-json\/wp\/v2\/posts\/5223\/revisions\/5232"}],"wp:attachment":[{"href":"http:\/\/blogg.varldenidag.se\/musik\/wp-json\/wp\/v2\/media?parent=5223"}],"wp:term":[{"taxonomy":"category","embeddable":true,"href":"http:\/\/blogg.varldenidag.se\/musik\/wp-json\/wp\/v2\/categories?post=5223"},{"taxonomy":"post_tag","embeddable":true,"href":"http:\/\/blogg.varldenidag.se\/musik\/wp-json\/wp\/v2\/tags?post=5223"}],"curies":[{"name":"wp","href":"https:\/\/api.w.org\/{rel}","templated":true}]}}