{"id":5179,"date":"2020-02-29T08:24:54","date_gmt":"2020-02-29T07:24:54","guid":{"rendered":"http:\/\/blogg.varldenidag.se\/musik\/?p=5179"},"modified":"2020-03-03T10:36:25","modified_gmt":"2020-03-03T09:36:25","slug":"spellistan-med-hitsen","status":"publish","type":"post","link":"http:\/\/blogg.varldenidag.se\/musik\/spellistan-med-hitsen\/","title":{"rendered":"Spellistan med hitsen!"},"content":{"rendered":"<p>Om du s\u00f6ker de b\u00e4sta hitsen i en enda sk\u00f6n lista &#8211; d\u00e5 har du hittat r\u00e4tt!\u00a0<strong>Hit Parade\u00a0<\/strong>\u00e4r v\u00e5r egen hyllning till de st\u00f6rsta och b\u00e4sta hitsen just nu, helt enkelt. Lyssna och njut!<\/p>\n<p><strong>Psstt&#8230;. F\u00f6lj SOUNDSHINE p\u00e5 Spotify f\u00f6r en v\u00e4rld av spellistor!<\/strong><\/p>\n<p><a href=\"https:\/\/open.spotify.com\/playlist\/7JB4K98KxyGHQcV6cREQer?si=aFFRBiEgTrWvMlQqitw-Uw\">https:\/\/open.spotify.com\/playlist\/7JB4K98KxyGHQcV6cREQer?si=aFFRBiEgTrWvMlQqitw-Uw<\/a><\/p>\n","protected":false},"excerpt":{"rendered":"<p>Om du s\u00f6ker de b\u00e4sta hitsen i en enda sk\u00f6n lista &#8211; d\u00e5 har du hittat r\u00e4tt!\u00a0Hit Parade\u00a0\u00e4r v\u00e5r egen hyllning till de st\u00f6rsta och b\u00e4sta hitsen [&hellip;]<\/p>\n","protected":false},"author":15,"featured_media":0,"comment_status":"open","ping_status":"open","sticky":false,"template":"","format":"standard","meta":{"footnotes":"","_links_to":"","_links_to_target":""},"categories":[1],"tags":[],"class_list":["post-5179","post","type-post","status-publish","format-standard","hentry","category-musik"],"_links":{"self":[{"href":"http:\/\/blogg.varldenidag.se\/musik\/wp-json\/wp\/v2\/posts\/5179","targetHints":{"allow":["GET"]}}],"collection":[{"href":"http:\/\/blogg.varldenidag.se\/musik\/wp-json\/wp\/v2\/posts"}],"about":[{"href":"http:\/\/blogg.varldenidag.se\/musik\/wp-json\/wp\/v2\/types\/post"}],"author":[{"embeddable":true,"href":"http:\/\/blogg.varldenidag.se\/musik\/wp-json\/wp\/v2\/users\/15"}],"replies":[{"embeddable":true,"href":"http:\/\/blogg.varldenidag.se\/musik\/wp-json\/wp\/v2\/comments?post=5179"}],"version-history":[{"count":2,"href":"http:\/\/blogg.varldenidag.se\/musik\/wp-json\/wp\/v2\/posts\/5179\/revisions"}],"predecessor-version":[{"id":5203,"href":"http:\/\/blogg.varldenidag.se\/musik\/wp-json\/wp\/v2\/posts\/5179\/revisions\/5203"}],"wp:attachment":[{"href":"http:\/\/blogg.varldenidag.se\/musik\/wp-json\/wp\/v2\/media?parent=5179"}],"wp:term":[{"taxonomy":"category","embeddable":true,"href":"http:\/\/blogg.varldenidag.se\/musik\/wp-json\/wp\/v2\/categories?post=5179"},{"taxonomy":"post_tag","embeddable":true,"href":"http:\/\/blogg.varldenidag.se\/musik\/wp-json\/wp\/v2\/tags?post=5179"}],"curies":[{"name":"wp","href":"https:\/\/api.w.org\/{rel}","templated":true}]}}