{"id":5163,"date":"2020-02-28T00:36:42","date_gmt":"2020-02-27T23:36:42","guid":{"rendered":"http:\/\/blogg.varldenidag.se\/musik\/?p=5163"},"modified":"2020-02-24T10:00:51","modified_gmt":"2020-02-24T09:00:51","slug":"skont-gung-fran-florida","status":"publish","type":"post","link":"http:\/\/blogg.varldenidag.se\/musik\/skont-gung-fran-florida\/","title":{"rendered":"Sk\u00f6nt gung fr\u00e5n Florida"},"content":{"rendered":"<p>Namnet m\u00e5 vara lite sv\u00e5rt att uttala, men klart \u00e4r att\u00a0<strong>Miqueas Lopez\u00a0<\/strong>\u00e4r ett namn att l\u00e4gga p\u00e5 minnet. Som s\u00e5 m\u00e5nga andra goda saker h\u00f6r han hemma i Florida, d\u00e4r han skapar sin sv\u00e4ngiga CCM-pop med stor hitfaktor. Hans\u00a0<em>&#8221;Mountain&#8221;\u00a0<\/em>\u00e4r l\u00e4ttlyssnad och bjuder p\u00e5 ett sk\u00f6nt gung i soul- och gospelanda.<\/p>\n<div class=\"video-container\"><iframe title=\"Spotify Embed: Battle\" style=\"border-radius: 12px\" width=\"100%\" height=\"152\" frameborder=\"0\" allowfullscreen allow=\"autoplay; clipboard-write; encrypted-media; fullscreen; picture-in-picture\" loading=\"lazy\" src=\"https:\/\/open.spotify.com\/embed\/track\/6IXJtvISqPxhe3wmm9iCWN?si=za7rJ5-RQPixzJEAw4ZMAw&#038;utm_source=oembed\"><\/iframe><\/div>\n<div class=\"video-container\"><iframe loading=\"lazy\" title=\"Miqueas Lopez - Mountain (Official Lyric Video)\" width=\"500\" height=\"281\" src=\"https:\/\/www.youtube.com\/embed\/XW__ORT37ME?feature=oembed\" frameborder=\"0\" allow=\"accelerometer; autoplay; clipboard-write; encrypted-media; gyroscope; picture-in-picture; web-share\" referrerpolicy=\"strict-origin-when-cross-origin\" allowfullscreen><\/iframe><\/div>\n","protected":false},"excerpt":{"rendered":"<p>Namnet m\u00e5 vara lite sv\u00e5rt att uttala, men klart \u00e4r att\u00a0Miqueas Lopez\u00a0\u00e4r ett namn att l\u00e4gga p\u00e5 minnet. Som s\u00e5 m\u00e5nga andra goda saker h\u00f6r han hemma [&hellip;]<\/p>\n","protected":false},"author":15,"featured_media":0,"comment_status":"open","ping_status":"open","sticky":false,"template":"","format":"standard","meta":{"footnotes":"","_links_to":"","_links_to_target":""},"categories":[1],"tags":[],"class_list":["post-5163","post","type-post","status-publish","format-standard","hentry","category-musik"],"_links":{"self":[{"href":"http:\/\/blogg.varldenidag.se\/musik\/wp-json\/wp\/v2\/posts\/5163","targetHints":{"allow":["GET"]}}],"collection":[{"href":"http:\/\/blogg.varldenidag.se\/musik\/wp-json\/wp\/v2\/posts"}],"about":[{"href":"http:\/\/blogg.varldenidag.se\/musik\/wp-json\/wp\/v2\/types\/post"}],"author":[{"embeddable":true,"href":"http:\/\/blogg.varldenidag.se\/musik\/wp-json\/wp\/v2\/users\/15"}],"replies":[{"embeddable":true,"href":"http:\/\/blogg.varldenidag.se\/musik\/wp-json\/wp\/v2\/comments?post=5163"}],"version-history":[{"count":2,"href":"http:\/\/blogg.varldenidag.se\/musik\/wp-json\/wp\/v2\/posts\/5163\/revisions"}],"predecessor-version":[{"id":5186,"href":"http:\/\/blogg.varldenidag.se\/musik\/wp-json\/wp\/v2\/posts\/5163\/revisions\/5186"}],"wp:attachment":[{"href":"http:\/\/blogg.varldenidag.se\/musik\/wp-json\/wp\/v2\/media?parent=5163"}],"wp:term":[{"taxonomy":"category","embeddable":true,"href":"http:\/\/blogg.varldenidag.se\/musik\/wp-json\/wp\/v2\/categories?post=5163"},{"taxonomy":"post_tag","embeddable":true,"href":"http:\/\/blogg.varldenidag.se\/musik\/wp-json\/wp\/v2\/tags?post=5163"}],"curies":[{"name":"wp","href":"https:\/\/api.w.org\/{rel}","templated":true}]}}