{"id":5113,"date":"2020-01-31T00:34:52","date_gmt":"2020-01-30T23:34:52","guid":{"rendered":"http:\/\/blogg.varldenidag.se\/musik\/?p=5113"},"modified":"2020-01-31T08:59:56","modified_gmt":"2020-01-31T07:59:56","slug":"spellistan-for-traningspasset-3","status":"publish","type":"post","link":"http:\/\/blogg.varldenidag.se\/musik\/spellistan-for-traningspasset-3\/","title":{"rendered":"Spellistan f\u00f6r tr\u00e4ningspasset!"},"content":{"rendered":"<p>\u00c4r ditt ny\u00e5rsl\u00f6fte att komma i b\u00e4ttre form? Vad bra &#8211; d\u00e5 har vi den perfekta spellistan f\u00f6r dig!\u00a0<strong>Vibe Workout\u00a0<\/strong>\u00e4r som det l\u00e5ter: en spellistan f\u00f6r gymmet, tr\u00e4ningspasset, eller l\u00f6pturen &#8211; fylld med inspiration och tempo. Vi lovar att din tr\u00e4ning blir s\u00e5 mycket l\u00e4ttare!<\/p>\n<p>Psst&#8230; gl\u00f6m inte att f\u00f6lja <strong>SOUNDSHINE\u00a0<\/strong>p\u00e5 Spotify f\u00f6r en v\u00e4rld av spellistor!<\/p>\n<div class=\"video-container\"><iframe title=\"Spotify Embed: Work Out!\" style=\"border-radius: 12px\" width=\"100%\" height=\"352\" frameborder=\"0\" allowfullscreen allow=\"autoplay; clipboard-write; encrypted-media; fullscreen; picture-in-picture\" loading=\"lazy\" src=\"https:\/\/open.spotify.com\/embed\/playlist\/4cFtdbnQB7NzqUVAQip9yG?si=2OWKe49ZSF6M5fTHOWdaGQ&#038;utm_source=oembed\"><\/iframe><\/div>\n","protected":false},"excerpt":{"rendered":"<p>\u00c4r ditt ny\u00e5rsl\u00f6fte att komma i b\u00e4ttre form? Vad bra &#8211; d\u00e5 har vi den perfekta spellistan f\u00f6r dig!\u00a0Vibe Workout\u00a0\u00e4r som det l\u00e5ter: en spellistan f\u00f6r gymmet, [&hellip;]<\/p>\n","protected":false},"author":15,"featured_media":0,"comment_status":"open","ping_status":"open","sticky":false,"template":"","format":"standard","meta":{"footnotes":"","_links_to":"","_links_to_target":""},"categories":[1],"tags":[],"class_list":["post-5113","post","type-post","status-publish","format-standard","hentry","category-musik"],"_links":{"self":[{"href":"http:\/\/blogg.varldenidag.se\/musik\/wp-json\/wp\/v2\/posts\/5113","targetHints":{"allow":["GET"]}}],"collection":[{"href":"http:\/\/blogg.varldenidag.se\/musik\/wp-json\/wp\/v2\/posts"}],"about":[{"href":"http:\/\/blogg.varldenidag.se\/musik\/wp-json\/wp\/v2\/types\/post"}],"author":[{"embeddable":true,"href":"http:\/\/blogg.varldenidag.se\/musik\/wp-json\/wp\/v2\/users\/15"}],"replies":[{"embeddable":true,"href":"http:\/\/blogg.varldenidag.se\/musik\/wp-json\/wp\/v2\/comments?post=5113"}],"version-history":[{"count":2,"href":"http:\/\/blogg.varldenidag.se\/musik\/wp-json\/wp\/v2\/posts\/5113\/revisions"}],"predecessor-version":[{"id":5123,"href":"http:\/\/blogg.varldenidag.se\/musik\/wp-json\/wp\/v2\/posts\/5113\/revisions\/5123"}],"wp:attachment":[{"href":"http:\/\/blogg.varldenidag.se\/musik\/wp-json\/wp\/v2\/media?parent=5113"}],"wp:term":[{"taxonomy":"category","embeddable":true,"href":"http:\/\/blogg.varldenidag.se\/musik\/wp-json\/wp\/v2\/categories?post=5113"},{"taxonomy":"post_tag","embeddable":true,"href":"http:\/\/blogg.varldenidag.se\/musik\/wp-json\/wp\/v2\/tags?post=5113"}],"curies":[{"name":"wp","href":"https:\/\/api.w.org\/{rel}","templated":true}]}}