{"id":5111,"date":"2020-02-02T00:31:34","date_gmt":"2020-02-01T23:31:34","guid":{"rendered":"http:\/\/blogg.varldenidag.se\/musik\/?p=5111"},"modified":"2020-01-31T09:00:56","modified_gmt":"2020-01-31T08:00:56","slug":"spellistan-for-hela-arbetsdagen","status":"publish","type":"post","link":"http:\/\/blogg.varldenidag.se\/musik\/spellistan-for-hela-arbetsdagen\/","title":{"rendered":"Spellistan f\u00f6r hela arbetsdagen!"},"content":{"rendered":"<p>G\u00f6r arbetsdagen lite l\u00e4ttare!\u00a0<strong>Vibe @ Work\u00a0<\/strong>\u00e4r v\u00e5r spellista som \u00e4r ditt soundtrack till din arbetsdag &#8211; oavsett hur den ser ut. \u00c5tta timmar av riktigt bra musik i en sk\u00f6n blandning, helt enkelt.<\/p>\n<p>Psst&#8230; gl\u00f6m inte att f\u00f6lja\u00a0<strong>SOUNDSHINE\u00a0<\/strong>p\u00e5 Spotify f\u00f6r en v\u00e4rld av spellistor!<\/p>\n<div class=\"video-container\"><iframe title=\"Spotify Embed: P\u00e5 jobbet\" style=\"border-radius: 12px\" width=\"100%\" height=\"352\" frameborder=\"0\" allowfullscreen allow=\"autoplay; clipboard-write; encrypted-media; fullscreen; picture-in-picture\" loading=\"lazy\" src=\"https:\/\/open.spotify.com\/embed\/playlist\/0tu9AbAibH3F9OShZtehyk?si=RdiWL2n0SHutmRc6Cuo9gw&#038;utm_source=oembed\"><\/iframe><\/div>\n","protected":false},"excerpt":{"rendered":"<p>G\u00f6r arbetsdagen lite l\u00e4ttare!\u00a0Vibe @ Work\u00a0\u00e4r v\u00e5r spellista som \u00e4r ditt soundtrack till din arbetsdag &#8211; oavsett hur den ser ut. \u00c5tta timmar av riktigt bra musik [&hellip;]<\/p>\n","protected":false},"author":15,"featured_media":0,"comment_status":"open","ping_status":"open","sticky":false,"template":"","format":"standard","meta":{"footnotes":"","_links_to":"","_links_to_target":""},"categories":[1],"tags":[],"class_list":["post-5111","post","type-post","status-publish","format-standard","hentry","category-musik"],"_links":{"self":[{"href":"http:\/\/blogg.varldenidag.se\/musik\/wp-json\/wp\/v2\/posts\/5111","targetHints":{"allow":["GET"]}}],"collection":[{"href":"http:\/\/blogg.varldenidag.se\/musik\/wp-json\/wp\/v2\/posts"}],"about":[{"href":"http:\/\/blogg.varldenidag.se\/musik\/wp-json\/wp\/v2\/types\/post"}],"author":[{"embeddable":true,"href":"http:\/\/blogg.varldenidag.se\/musik\/wp-json\/wp\/v2\/users\/15"}],"replies":[{"embeddable":true,"href":"http:\/\/blogg.varldenidag.se\/musik\/wp-json\/wp\/v2\/comments?post=5111"}],"version-history":[{"count":2,"href":"http:\/\/blogg.varldenidag.se\/musik\/wp-json\/wp\/v2\/posts\/5111\/revisions"}],"predecessor-version":[{"id":5125,"href":"http:\/\/blogg.varldenidag.se\/musik\/wp-json\/wp\/v2\/posts\/5111\/revisions\/5125"}],"wp:attachment":[{"href":"http:\/\/blogg.varldenidag.se\/musik\/wp-json\/wp\/v2\/media?parent=5111"}],"wp:term":[{"taxonomy":"category","embeddable":true,"href":"http:\/\/blogg.varldenidag.se\/musik\/wp-json\/wp\/v2\/categories?post=5111"},{"taxonomy":"post_tag","embeddable":true,"href":"http:\/\/blogg.varldenidag.se\/musik\/wp-json\/wp\/v2\/tags?post=5111"}],"curies":[{"name":"wp","href":"https:\/\/api.w.org\/{rel}","templated":true}]}}