{"id":5107,"date":"2020-02-14T00:26:05","date_gmt":"2020-02-13T23:26:05","guid":{"rendered":"http:\/\/blogg.varldenidag.se\/musik\/?p=5107"},"modified":"2020-01-31T09:05:06","modified_gmt":"2020-01-31T08:05:06","slug":"en-spellista-fylld-av-karlek","status":"publish","type":"post","link":"http:\/\/blogg.varldenidag.se\/musik\/en-spellista-fylld-av-karlek\/","title":{"rendered":"En spellista fylld av k\u00e4rlek!"},"content":{"rendered":"<p>Hylla k\u00e4rleken &#8211; b\u00e5de till din familj, flick\/pojkv\u00e4n, fru, man och Gud &#8211; genom v\u00e5r mest k\u00e4rleksfulla spellista: Vibe Love. Inget annat \u00e4n ren k\u00e4rlek i musikform, framf\u00f6rt p\u00e5 olika s\u00e4tt men med hela tiden med k\u00e4rlek som budskap.<\/p>\n<p>Psst&#8230; gl\u00f6m inte att f\u00f6lja\u00a0<strong>SOUNDSHINE\u00a0<\/strong>p\u00e5 Spotify f\u00f6r en v\u00e4rld av spellistor!<\/p>\n<div class=\"video-container\"><iframe title=\"Spotify Embed: Vibe Love\" style=\"border-radius: 12px\" width=\"100%\" height=\"352\" frameborder=\"0\" allowfullscreen allow=\"autoplay; clipboard-write; encrypted-media; fullscreen; picture-in-picture\" loading=\"lazy\" src=\"https:\/\/open.spotify.com\/embed\/playlist\/3iDo4FBqM7G9N5XCxhIhv4?si=z_DzQNj8TtyIRXNvoEetcw&#038;utm_source=oembed\"><\/iframe><\/div>\n","protected":false},"excerpt":{"rendered":"<p>Hylla k\u00e4rleken &#8211; b\u00e5de till din familj, flick\/pojkv\u00e4n, fru, man och Gud &#8211; genom v\u00e5r mest k\u00e4rleksfulla spellista: Vibe Love. Inget annat \u00e4n ren k\u00e4rlek i musikform, [&hellip;]<\/p>\n","protected":false},"author":15,"featured_media":0,"comment_status":"open","ping_status":"open","sticky":false,"template":"","format":"standard","meta":{"footnotes":"","_links_to":"","_links_to_target":""},"categories":[1],"tags":[],"class_list":["post-5107","post","type-post","status-publish","format-standard","hentry","category-musik"],"_links":{"self":[{"href":"http:\/\/blogg.varldenidag.se\/musik\/wp-json\/wp\/v2\/posts\/5107","targetHints":{"allow":["GET"]}}],"collection":[{"href":"http:\/\/blogg.varldenidag.se\/musik\/wp-json\/wp\/v2\/posts"}],"about":[{"href":"http:\/\/blogg.varldenidag.se\/musik\/wp-json\/wp\/v2\/types\/post"}],"author":[{"embeddable":true,"href":"http:\/\/blogg.varldenidag.se\/musik\/wp-json\/wp\/v2\/users\/15"}],"replies":[{"embeddable":true,"href":"http:\/\/blogg.varldenidag.se\/musik\/wp-json\/wp\/v2\/comments?post=5107"}],"version-history":[{"count":2,"href":"http:\/\/blogg.varldenidag.se\/musik\/wp-json\/wp\/v2\/posts\/5107\/revisions"}],"predecessor-version":[{"id":5133,"href":"http:\/\/blogg.varldenidag.se\/musik\/wp-json\/wp\/v2\/posts\/5107\/revisions\/5133"}],"wp:attachment":[{"href":"http:\/\/blogg.varldenidag.se\/musik\/wp-json\/wp\/v2\/media?parent=5107"}],"wp:term":[{"taxonomy":"category","embeddable":true,"href":"http:\/\/blogg.varldenidag.se\/musik\/wp-json\/wp\/v2\/categories?post=5107"},{"taxonomy":"post_tag","embeddable":true,"href":"http:\/\/blogg.varldenidag.se\/musik\/wp-json\/wp\/v2\/tags?post=5107"}],"curies":[{"name":"wp","href":"https:\/\/api.w.org\/{rel}","templated":true}]}}