{"id":5091,"date":"2020-02-07T00:12:34","date_gmt":"2020-02-06T23:12:34","guid":{"rendered":"http:\/\/blogg.varldenidag.se\/musik\/?p=5091"},"modified":"2020-01-31T09:02:51","modified_gmt":"2020-01-31T08:02:51","slug":"ny-lovsang-fran-nashvillekollektivet","status":"publish","type":"post","link":"http:\/\/blogg.varldenidag.se\/musik\/ny-lovsang-fran-nashvillekollektivet\/","title":{"rendered":"Ny lovs\u00e5ng fr\u00e5n Nashvillekollektivet"},"content":{"rendered":"<p>L\u00e5ngt tillbaka i tiden noterade sj\u00f6farare \u00e4nnu ouppt\u00e4ckta platser p\u00e5 kartor med texten\u00a0<i>&#8221;Here be\u00a0Lions&#8221;,\u00a0<\/i>som en varning f\u00f6r den som l\u00e4ste kartan att platsen \u00e4nnu inte var utforskad. D\u00e4rifr\u00e5n har Nashville-kollektivet\u00a0<strong>Here Be Lions\u00a0<\/strong>tagit sitt namn, som en uppmaning till lyssnarna att n\u00e4rma sig Guds rike och auktoritet.<\/p>\n<p>Tillsammans i kollektivet skapar de lovs\u00e5nger, vilket sedan debutskivan 2018 gett dem en allt st\u00f6rre lyssnarskara &#8211; l\u00e5ngt utanf\u00f6r &#8221;Music city&#8221;:s gr\u00e4nser. Nu \u00e4r de aktuell med starka lovs\u00e5ngen\u00a0<em>&#8221;I Speak Jesus&#8221;,\u00a0<\/em>d\u00e4r de f\u00e5tt hj\u00e4lp av\u00a0<strong>Darlene Zschech<\/strong>, och resultatet \u00e4r en riktigt sp\u00e4nnande, nyskriven lovs\u00e5ng.<\/p>\n<p>Gillar du att h\u00e5lla koll p\u00e5 ny och fr\u00e4sch lovs\u00e5ng s\u00e5 \u00e4r\u00a0<strong>Here Be Lions\u00a0<\/strong>n\u00e4sta namn att l\u00e4gga p\u00e5 minnet!<\/p>\n<div class=\"video-container\"><iframe title=\"Spotify Embed: I Speak Jesus\" style=\"border-radius: 12px\" width=\"100%\" height=\"152\" frameborder=\"0\" allowfullscreen allow=\"autoplay; clipboard-write; encrypted-media; fullscreen; picture-in-picture\" loading=\"lazy\" src=\"https:\/\/open.spotify.com\/embed\/track\/4CR34P33feukzoErl3KXCK?si=UWTnXoniSz-BwXQiVhy9Tg&#038;utm_source=oembed\"><\/iframe><\/div>\n<div class=\"video-container\"><iframe loading=\"lazy\" title=\"I Speak Jesus (Lyric Video) | I Speak Jesus\" width=\"500\" height=\"281\" src=\"https:\/\/www.youtube.com\/embed\/FpGYImM_VeM?feature=oembed\" frameborder=\"0\" allow=\"accelerometer; autoplay; clipboard-write; encrypted-media; gyroscope; picture-in-picture; web-share\" referrerpolicy=\"strict-origin-when-cross-origin\" allowfullscreen><\/iframe><\/div>\n","protected":false},"excerpt":{"rendered":"<p>L\u00e5ngt tillbaka i tiden noterade sj\u00f6farare \u00e4nnu ouppt\u00e4ckta platser p\u00e5 kartor med texten\u00a0&#8221;Here be\u00a0Lions&#8221;,\u00a0som en varning f\u00f6r den som l\u00e4ste kartan att platsen \u00e4nnu inte var utforskad. [&hellip;]<\/p>\n","protected":false},"author":15,"featured_media":0,"comment_status":"open","ping_status":"open","sticky":false,"template":"","format":"standard","meta":{"footnotes":"","_links_to":"","_links_to_target":""},"categories":[1],"tags":[],"class_list":["post-5091","post","type-post","status-publish","format-standard","hentry","category-musik"],"_links":{"self":[{"href":"http:\/\/blogg.varldenidag.se\/musik\/wp-json\/wp\/v2\/posts\/5091","targetHints":{"allow":["GET"]}}],"collection":[{"href":"http:\/\/blogg.varldenidag.se\/musik\/wp-json\/wp\/v2\/posts"}],"about":[{"href":"http:\/\/blogg.varldenidag.se\/musik\/wp-json\/wp\/v2\/types\/post"}],"author":[{"embeddable":true,"href":"http:\/\/blogg.varldenidag.se\/musik\/wp-json\/wp\/v2\/users\/15"}],"replies":[{"embeddable":true,"href":"http:\/\/blogg.varldenidag.se\/musik\/wp-json\/wp\/v2\/comments?post=5091"}],"version-history":[{"count":2,"href":"http:\/\/blogg.varldenidag.se\/musik\/wp-json\/wp\/v2\/posts\/5091\/revisions"}],"predecessor-version":[{"id":5128,"href":"http:\/\/blogg.varldenidag.se\/musik\/wp-json\/wp\/v2\/posts\/5091\/revisions\/5128"}],"wp:attachment":[{"href":"http:\/\/blogg.varldenidag.se\/musik\/wp-json\/wp\/v2\/media?parent=5091"}],"wp:term":[{"taxonomy":"category","embeddable":true,"href":"http:\/\/blogg.varldenidag.se\/musik\/wp-json\/wp\/v2\/categories?post=5091"},{"taxonomy":"post_tag","embeddable":true,"href":"http:\/\/blogg.varldenidag.se\/musik\/wp-json\/wp\/v2\/tags?post=5091"}],"curies":[{"name":"wp","href":"https:\/\/api.w.org\/{rel}","templated":true}]}}