{"id":5084,"date":"2020-02-01T00:16:31","date_gmt":"2020-01-31T23:16:31","guid":{"rendered":"http:\/\/blogg.varldenidag.se\/musik\/?p=5084"},"modified":"2020-01-31T09:00:28","modified_gmt":"2020-01-31T08:00:28","slug":"en-ny-stjarna-har-fotts","status":"publish","type":"post","link":"http:\/\/blogg.varldenidag.se\/musik\/en-ny-stjarna-har-fotts\/","title":{"rendered":"En ny stj\u00e4rna har f\u00f6tts"},"content":{"rendered":"<p>Ibland brukar vi utn\u00e4mna vissa artister som kommande stj\u00e4rnor, och nu \u00e4r det h\u00f6g tid att plocka fram den klyschan igen. F\u00f6r en sak \u00e4r klar: om du gillar kristen musik kommer du vara tvungen att l\u00e4gga namnet\u00a0<strong>Coby James\u00a0<\/strong>p\u00e5 minnet. Med ett nysignat skivkontrakt med stort kristet bolag i ena handen och en vass l\u00e5tskrivarpenna i den andra, s\u00e5 talar inget f\u00f6r annat \u00e4n att det h\u00e4r \u00e4r en ny stj\u00e4rna som f\u00f6tts.<\/p>\n<p><strong>Coby\u00a0<\/strong>lyckas med vass r\u00f6st och stundtals riktigt sk\u00f6nt \u00f6s briljera p\u00e5 m\u00e5nga plan, men en av styrkorna \u00e4r att han dessutom lyckas sticka ut ur m\u00e4ngden. Man kan ana i musiken att han lyssnat en del p\u00e5 bland andra\u00a0<strong>Shawn Mendes<\/strong>\u00a0och <strong>James Bay<\/strong>,\u00a0och det s\u00e4ger lite om stilen.<\/p>\n<p>Vi har bara f\u00e5tt fem l\u00e5tar hittills &#8211; sl\u00e4ppt i EP-format &#8211; men vi l\u00e4ngtar redan efter mer. Mycket mer. L\u00e4gg namnet p\u00e5 minnet och g\u00f6r h\u00f6gtalarna redo: du kommer gilla det du h\u00f6r.<\/p>\n<div class=\"video-container\"><iframe title=\"Spotify Embed: No Trouble\" style=\"border-radius: 12px\" width=\"100%\" height=\"152\" frameborder=\"0\" allowfullscreen allow=\"autoplay; clipboard-write; encrypted-media; fullscreen; picture-in-picture\" loading=\"lazy\" src=\"https:\/\/open.spotify.com\/embed\/track\/42FLM2uyG8B8Lk6jHRp8EO?si=b258Ih6BRvinr-C-GsF0LA&#038;utm_source=oembed\"><\/iframe><\/div>\n<div class=\"video-container\"><iframe loading=\"lazy\" title=\"Coby James - &quot;No Trouble&quot; (Official Audio Video)\" width=\"500\" height=\"281\" src=\"https:\/\/www.youtube.com\/embed\/coioawwsuBM?feature=oembed\" frameborder=\"0\" allow=\"accelerometer; autoplay; clipboard-write; encrypted-media; gyroscope; picture-in-picture; web-share\" referrerpolicy=\"strict-origin-when-cross-origin\" allowfullscreen><\/iframe><\/div>\n","protected":false},"excerpt":{"rendered":"<p>Ibland brukar vi utn\u00e4mna vissa artister som kommande stj\u00e4rnor, och nu \u00e4r det h\u00f6g tid att plocka fram den klyschan igen. F\u00f6r en sak \u00e4r klar: om [&hellip;]<\/p>\n","protected":false},"author":15,"featured_media":0,"comment_status":"open","ping_status":"open","sticky":false,"template":"","format":"standard","meta":{"footnotes":"","_links_to":"","_links_to_target":""},"categories":[1],"tags":[],"class_list":["post-5084","post","type-post","status-publish","format-standard","hentry","category-musik"],"_links":{"self":[{"href":"http:\/\/blogg.varldenidag.se\/musik\/wp-json\/wp\/v2\/posts\/5084","targetHints":{"allow":["GET"]}}],"collection":[{"href":"http:\/\/blogg.varldenidag.se\/musik\/wp-json\/wp\/v2\/posts"}],"about":[{"href":"http:\/\/blogg.varldenidag.se\/musik\/wp-json\/wp\/v2\/types\/post"}],"author":[{"embeddable":true,"href":"http:\/\/blogg.varldenidag.se\/musik\/wp-json\/wp\/v2\/users\/15"}],"replies":[{"embeddable":true,"href":"http:\/\/blogg.varldenidag.se\/musik\/wp-json\/wp\/v2\/comments?post=5084"}],"version-history":[{"count":2,"href":"http:\/\/blogg.varldenidag.se\/musik\/wp-json\/wp\/v2\/posts\/5084\/revisions"}],"predecessor-version":[{"id":5124,"href":"http:\/\/blogg.varldenidag.se\/musik\/wp-json\/wp\/v2\/posts\/5084\/revisions\/5124"}],"wp:attachment":[{"href":"http:\/\/blogg.varldenidag.se\/musik\/wp-json\/wp\/v2\/media?parent=5084"}],"wp:term":[{"taxonomy":"category","embeddable":true,"href":"http:\/\/blogg.varldenidag.se\/musik\/wp-json\/wp\/v2\/categories?post=5084"},{"taxonomy":"post_tag","embeddable":true,"href":"http:\/\/blogg.varldenidag.se\/musik\/wp-json\/wp\/v2\/tags?post=5084"}],"curies":[{"name":"wp","href":"https:\/\/api.w.org\/{rel}","templated":true}]}}