{"id":5071,"date":"2020-01-24T00:29:38","date_gmt":"2020-01-23T23:29:38","guid":{"rendered":"http:\/\/blogg.varldenidag.se\/musik\/?p=5071"},"modified":"2020-01-31T09:15:39","modified_gmt":"2020-01-31T08:15:39","slug":"ny-underbar-lovsang-pa-svenska","status":"publish","type":"post","link":"http:\/\/blogg.varldenidag.se\/musik\/ny-underbar-lovsang-pa-svenska\/","title":{"rendered":"Ny underbar lovs\u00e5ng &#8211; p\u00e5 svenska"},"content":{"rendered":"<p>Se hit \u2013 alla ni som \u00e4lskar ny svensk lovs\u00e5ng!\u00a0<strong>Rebecka\u00a0<\/strong><strong>Ekerby\u00a0<\/strong>\u00e4r ett namn du genast ska l\u00e4gga p\u00e5 minnet \u2013 och inte minst lyssna in \u2013 f\u00f6r h\u00e4r har vi en riktigt talangfull artist och l\u00e5tskrivare.<\/p>\n<p><strong>Rebecka\u00a0<\/strong>\u00e4r en av artisterna p\u00e5 det nystartade skivbolaget Light &amp; Salt Records, som drivs av\u00a0<strong>Hope<\/strong>-duon\u00a0<strong>Ther\u00e9se och Joakim Sandstr\u00f6m.\u00a0<\/strong>Redan har hon hunnit sl\u00e4ppa l\u00e5tar som\u00a0<em>&#8221;T\u00e4nd din eld&#8221;\u00a0<\/em>och\u00a0<em>&#8221;N\u00e4r du kommer in i rummet&#8221;\u00a0<\/em>och vi \u00e4r helt \u00f6vertygade om att detta bara \u00e4r b\u00f6rjan.<\/p>\n<p>Bland hennes sl\u00e4pp \u00e4r det\u00a0<em>&#8221;Jag vill g\u00f6ra mitt liv till en lovs\u00e5ng&#8221;\u00a0<\/em>som hittills vunnit v\u00e5ra hj\u00e4rtan \u2013 och spellistor \u2013 allra mest. Det h\u00e4r t\u00e5l och spelas om och om igen \u2013 en fantastisk nyskriven lovs\u00e5ng i lite visdoftande fodral. Missa icke!<\/p>\n<div class=\"video-container\"><iframe title=\"Spotify Embed: Jag vill g\u00f6ra mitt liv till en lovs\u00e5ng\" style=\"border-radius: 12px\" width=\"100%\" height=\"152\" frameborder=\"0\" allowfullscreen allow=\"autoplay; clipboard-write; encrypted-media; fullscreen; picture-in-picture\" loading=\"lazy\" src=\"https:\/\/open.spotify.com\/embed\/track\/0nCM2pMmjq4ywsQhmKnabS?si=vjeRL3vFTnOG5QZR1UbQ1Q&#038;utm_source=oembed\"><\/iframe><\/div>\n","protected":false},"excerpt":{"rendered":"<p>Se hit \u2013 alla ni som \u00e4lskar ny svensk lovs\u00e5ng!\u00a0Rebecka\u00a0Ekerby\u00a0\u00e4r ett namn du genast ska l\u00e4gga p\u00e5 minnet \u2013 och inte minst lyssna in \u2013 f\u00f6r h\u00e4r [&hellip;]<\/p>\n","protected":false},"author":15,"featured_media":0,"comment_status":"open","ping_status":"open","sticky":false,"template":"","format":"standard","meta":{"footnotes":"","_links_to":"","_links_to_target":""},"categories":[1],"tags":[],"class_list":["post-5071","post","type-post","status-publish","format-standard","hentry","category-musik"],"_links":{"self":[{"href":"http:\/\/blogg.varldenidag.se\/musik\/wp-json\/wp\/v2\/posts\/5071","targetHints":{"allow":["GET"]}}],"collection":[{"href":"http:\/\/blogg.varldenidag.se\/musik\/wp-json\/wp\/v2\/posts"}],"about":[{"href":"http:\/\/blogg.varldenidag.se\/musik\/wp-json\/wp\/v2\/types\/post"}],"author":[{"embeddable":true,"href":"http:\/\/blogg.varldenidag.se\/musik\/wp-json\/wp\/v2\/users\/15"}],"replies":[{"embeddable":true,"href":"http:\/\/blogg.varldenidag.se\/musik\/wp-json\/wp\/v2\/comments?post=5071"}],"version-history":[{"count":4,"href":"http:\/\/blogg.varldenidag.se\/musik\/wp-json\/wp\/v2\/posts\/5071\/revisions"}],"predecessor-version":[{"id":5142,"href":"http:\/\/blogg.varldenidag.se\/musik\/wp-json\/wp\/v2\/posts\/5071\/revisions\/5142"}],"wp:attachment":[{"href":"http:\/\/blogg.varldenidag.se\/musik\/wp-json\/wp\/v2\/media?parent=5071"}],"wp:term":[{"taxonomy":"category","embeddable":true,"href":"http:\/\/blogg.varldenidag.se\/musik\/wp-json\/wp\/v2\/categories?post=5071"},{"taxonomy":"post_tag","embeddable":true,"href":"http:\/\/blogg.varldenidag.se\/musik\/wp-json\/wp\/v2\/tags?post=5071"}],"curies":[{"name":"wp","href":"https:\/\/api.w.org\/{rel}","templated":true}]}}