{"id":5069,"date":"2020-01-22T00:26:43","date_gmt":"2020-01-21T23:26:43","guid":{"rendered":"http:\/\/blogg.varldenidag.se\/musik\/?p=5069"},"modified":"2020-01-27T08:57:40","modified_gmt":"2020-01-27T07:57:40","slug":"glad-pop-med-ripp","status":"publish","type":"post","link":"http:\/\/blogg.varldenidag.se\/musik\/glad-pop-med-ripp\/","title":{"rendered":"Glad pop med Ripp"},"content":{"rendered":"<p>Han har redan hunnit turnera med artister som\u00a0<strong>Jon Foreman\u00a0<\/strong>och\u00a0<strong>Sara Bareilles\u00a0<\/strong>(bara f\u00f6r att n\u00e4mna n\u00e5gra) och han har flera skivsl\u00e4pp p\u00e5 sitt CV. Men hans EP\u00a0<em>&#8221;The soul&#8221;\u00a0<\/em>som d\u00f6k upp f\u00f6rra \u00e5ret var ett av \u00e5rets beh\u00e5llningar, d\u00e4r han bjuder p\u00e5 sin karakt\u00e4ristiska pop i l\u00e5tar som\u00a0<em>&#8221;Cageless Soul&#8221;\u00a0<\/em>och\u00a0<em>&#8221;Pilots&#8221;.\u00a0<\/em>Det uppskattades av m\u00e5nga \u2013 och\u00a0<strong>Andrew\u00a0<\/strong>har f\u00f6r tillf\u00e4llet \u00f6ver 300 000 lyssnare per m\u00e5nad p\u00e5 Spotify vilket s\u00e4ger en del om att han tagit sig en bra bit vid det h\u00e4r laget.<\/p>\n<p>Vi gillar gl\u00e4djen och texten i\u00a0<strong>Andrews\u00a0<\/strong>glada pop \u2013 det kommer s\u00e4kert du ocks\u00e5 att g\u00f6ra!<\/p>\n<div class=\"video-container\"><iframe title=\"Spotify Embed: Pilots\" style=\"border-radius: 12px\" width=\"100%\" height=\"152\" frameborder=\"0\" allowfullscreen allow=\"autoplay; clipboard-write; encrypted-media; fullscreen; picture-in-picture\" loading=\"lazy\" src=\"https:\/\/open.spotify.com\/embed\/track\/1t3koreZmmgvTYvxATwqfz?si=5QOL5l_eRc2N5F7b52sTJg&#038;utm_source=oembed\"><\/iframe><\/div>\n<div class=\"video-container\"><iframe loading=\"lazy\" title=\"Pilots\" width=\"500\" height=\"375\" src=\"https:\/\/www.youtube.com\/embed\/0e-ioF3aC2E?feature=oembed\" frameborder=\"0\" allow=\"accelerometer; autoplay; clipboard-write; encrypted-media; gyroscope; picture-in-picture; web-share\" referrerpolicy=\"strict-origin-when-cross-origin\" allowfullscreen><\/iframe><\/div>\n","protected":false},"excerpt":{"rendered":"<p>Han har redan hunnit turnera med artister som\u00a0Jon Foreman\u00a0och\u00a0Sara Bareilles\u00a0(bara f\u00f6r att n\u00e4mna n\u00e5gra) och han har flera skivsl\u00e4pp p\u00e5 sitt CV. Men hans EP\u00a0&#8221;The soul&#8221;\u00a0som d\u00f6k [&hellip;]<\/p>\n","protected":false},"author":15,"featured_media":0,"comment_status":"open","ping_status":"open","sticky":false,"template":"","format":"standard","meta":{"footnotes":"","_links_to":"","_links_to_target":""},"categories":[1],"tags":[],"class_list":["post-5069","post","type-post","status-publish","format-standard","hentry","category-musik"],"_links":{"self":[{"href":"http:\/\/blogg.varldenidag.se\/musik\/wp-json\/wp\/v2\/posts\/5069","targetHints":{"allow":["GET"]}}],"collection":[{"href":"http:\/\/blogg.varldenidag.se\/musik\/wp-json\/wp\/v2\/posts"}],"about":[{"href":"http:\/\/blogg.varldenidag.se\/musik\/wp-json\/wp\/v2\/types\/post"}],"author":[{"embeddable":true,"href":"http:\/\/blogg.varldenidag.se\/musik\/wp-json\/wp\/v2\/users\/15"}],"replies":[{"embeddable":true,"href":"http:\/\/blogg.varldenidag.se\/musik\/wp-json\/wp\/v2\/comments?post=5069"}],"version-history":[{"count":2,"href":"http:\/\/blogg.varldenidag.se\/musik\/wp-json\/wp\/v2\/posts\/5069\/revisions"}],"predecessor-version":[{"id":5081,"href":"http:\/\/blogg.varldenidag.se\/musik\/wp-json\/wp\/v2\/posts\/5069\/revisions\/5081"}],"wp:attachment":[{"href":"http:\/\/blogg.varldenidag.se\/musik\/wp-json\/wp\/v2\/media?parent=5069"}],"wp:term":[{"taxonomy":"category","embeddable":true,"href":"http:\/\/blogg.varldenidag.se\/musik\/wp-json\/wp\/v2\/categories?post=5069"},{"taxonomy":"post_tag","embeddable":true,"href":"http:\/\/blogg.varldenidag.se\/musik\/wp-json\/wp\/v2\/tags?post=5069"}],"curies":[{"name":"wp","href":"https:\/\/api.w.org\/{rel}","templated":true}]}}