{"id":5043,"date":"2020-01-16T00:56:55","date_gmt":"2020-01-15T23:56:55","guid":{"rendered":"http:\/\/blogg.varldenidag.se\/musik\/?p=5043"},"modified":"2020-01-31T09:18:26","modified_gmt":"2020-01-31T08:18:26","slug":"overlev-dagen-med-var-nya-spellista","status":"publish","type":"post","link":"http:\/\/blogg.varldenidag.se\/musik\/overlev-dagen-med-var-nya-spellista\/","title":{"rendered":"\u00d6verlev dagen med v\u00e5r nya spellista!"},"content":{"rendered":"<p>Alla dagar \u00e4r inte en fest, vissa dagar vill du bara k\u00e4mpa dig igenom. Men som ett botemedel har vi satt ihop spellistan\u00a0<strong>Survive The Day\u00a0<\/strong>med st\u00e4rkande budskap, hopp och tro som kommer ge dig ny energi. Lyssna genast!<\/p>\n<p>Psst&#8230; f\u00f6lj SOUNDSHINE p\u00e5 Spotify f\u00f6r en v\u00e4rld av spellistor!<\/p>\n<div class=\"video-container\"><iframe title=\"Spotify Embed: Survive The Day\" style=\"border-radius: 12px\" width=\"100%\" height=\"352\" frameborder=\"0\" allowfullscreen allow=\"autoplay; clipboard-write; encrypted-media; fullscreen; picture-in-picture\" loading=\"lazy\" src=\"https:\/\/open.spotify.com\/embed\/playlist\/6xpto1fZFhE0y84Cn4OJ0Q?si=zmyY--tuSM2tGaEtu75voA&#038;utm_source=oembed\"><\/iframe><\/div>\n","protected":false},"excerpt":{"rendered":"<p>Alla dagar \u00e4r inte en fest, vissa dagar vill du bara k\u00e4mpa dig igenom. Men som ett botemedel har vi satt ihop spellistan\u00a0Survive The Day\u00a0med st\u00e4rkande budskap, [&hellip;]<\/p>\n","protected":false},"author":15,"featured_media":0,"comment_status":"open","ping_status":"open","sticky":false,"template":"","format":"standard","meta":{"footnotes":"","_links_to":"","_links_to_target":""},"categories":[1],"tags":[],"class_list":["post-5043","post","type-post","status-publish","format-standard","hentry","category-musik"],"_links":{"self":[{"href":"http:\/\/blogg.varldenidag.se\/musik\/wp-json\/wp\/v2\/posts\/5043","targetHints":{"allow":["GET"]}}],"collection":[{"href":"http:\/\/blogg.varldenidag.se\/musik\/wp-json\/wp\/v2\/posts"}],"about":[{"href":"http:\/\/blogg.varldenidag.se\/musik\/wp-json\/wp\/v2\/types\/post"}],"author":[{"embeddable":true,"href":"http:\/\/blogg.varldenidag.se\/musik\/wp-json\/wp\/v2\/users\/15"}],"replies":[{"embeddable":true,"href":"http:\/\/blogg.varldenidag.se\/musik\/wp-json\/wp\/v2\/comments?post=5043"}],"version-history":[{"count":2,"href":"http:\/\/blogg.varldenidag.se\/musik\/wp-json\/wp\/v2\/posts\/5043\/revisions"}],"predecessor-version":[{"id":5143,"href":"http:\/\/blogg.varldenidag.se\/musik\/wp-json\/wp\/v2\/posts\/5043\/revisions\/5143"}],"wp:attachment":[{"href":"http:\/\/blogg.varldenidag.se\/musik\/wp-json\/wp\/v2\/media?parent=5043"}],"wp:term":[{"taxonomy":"category","embeddable":true,"href":"http:\/\/blogg.varldenidag.se\/musik\/wp-json\/wp\/v2\/categories?post=5043"},{"taxonomy":"post_tag","embeddable":true,"href":"http:\/\/blogg.varldenidag.se\/musik\/wp-json\/wp\/v2\/tags?post=5043"}],"curies":[{"name":"wp","href":"https:\/\/api.w.org\/{rel}","templated":true}]}}