{"id":5041,"date":"2020-01-07T21:53:31","date_gmt":"2020-01-07T20:53:31","guid":{"rendered":"http:\/\/blogg.varldenidag.se\/musik\/?p=5041"},"modified":"2020-01-08T09:03:12","modified_gmt":"2020-01-08T08:03:12","slug":"summera-2019","status":"publish","type":"post","link":"http:\/\/blogg.varldenidag.se\/musik\/summera-2019\/","title":{"rendered":"Summera 2019!"},"content":{"rendered":"<p>2019 \u00e4r f\u00f6rbi och ett nytt decennium \u00e4r h\u00e4r! Men f\u00f6r dig som inte riktigt vill sl\u00e4ppa taget om 2019 \u00e4nnu \u2013 eller som vill \u00e5teruppleva det p\u00e5 nytt \u2013 har vi skapat spellistan\u00a0<strong>Vibe 2019.\u00a0<\/strong>En spellista fylld till br\u00e4dden av alla l\u00e5tar \u2013 och n\u00e5gra till! \u2013 som du lyssnade p\u00e5 under f\u00f6rra \u00e5ret. Trevlig lyssning!<\/p>\n<p>Psst &#8230; f\u00f6lj SOUNDSHINE p\u00e5 Spotify f\u00f6r en v\u00e4rld av spellistor!<\/p>\n<div class=\"video-container\"><iframe title=\"Spotify Embed: Vibe 2019\" style=\"border-radius: 12px\" width=\"100%\" height=\"352\" frameborder=\"0\" allowfullscreen allow=\"autoplay; clipboard-write; encrypted-media; fullscreen; picture-in-picture\" loading=\"lazy\" src=\"https:\/\/open.spotify.com\/embed\/playlist\/0tNFuPCJtkMCJYyPK12Eae?si=16v2T5IEQcW77LHGmROasg&#038;utm_source=oembed\"><\/iframe><\/div>\n","protected":false},"excerpt":{"rendered":"<p>2019 \u00e4r f\u00f6rbi och ett nytt decennium \u00e4r h\u00e4r! Men f\u00f6r dig som inte riktigt vill sl\u00e4ppa taget om 2019 \u00e4nnu \u2013 eller som vill \u00e5teruppleva det [&hellip;]<\/p>\n","protected":false},"author":15,"featured_media":0,"comment_status":"open","ping_status":"open","sticky":false,"template":"","format":"standard","meta":{"footnotes":"","_links_to":"","_links_to_target":""},"categories":[1],"tags":[],"class_list":["post-5041","post","type-post","status-publish","format-standard","hentry","category-musik"],"_links":{"self":[{"href":"http:\/\/blogg.varldenidag.se\/musik\/wp-json\/wp\/v2\/posts\/5041","targetHints":{"allow":["GET"]}}],"collection":[{"href":"http:\/\/blogg.varldenidag.se\/musik\/wp-json\/wp\/v2\/posts"}],"about":[{"href":"http:\/\/blogg.varldenidag.se\/musik\/wp-json\/wp\/v2\/types\/post"}],"author":[{"embeddable":true,"href":"http:\/\/blogg.varldenidag.se\/musik\/wp-json\/wp\/v2\/users\/15"}],"replies":[{"embeddable":true,"href":"http:\/\/blogg.varldenidag.se\/musik\/wp-json\/wp\/v2\/comments?post=5041"}],"version-history":[{"count":4,"href":"http:\/\/blogg.varldenidag.se\/musik\/wp-json\/wp\/v2\/posts\/5041\/revisions"}],"predecessor-version":[{"id":5058,"href":"http:\/\/blogg.varldenidag.se\/musik\/wp-json\/wp\/v2\/posts\/5041\/revisions\/5058"}],"wp:attachment":[{"href":"http:\/\/blogg.varldenidag.se\/musik\/wp-json\/wp\/v2\/media?parent=5041"}],"wp:term":[{"taxonomy":"category","embeddable":true,"href":"http:\/\/blogg.varldenidag.se\/musik\/wp-json\/wp\/v2\/categories?post=5041"},{"taxonomy":"post_tag","embeddable":true,"href":"http:\/\/blogg.varldenidag.se\/musik\/wp-json\/wp\/v2\/tags?post=5041"}],"curies":[{"name":"wp","href":"https:\/\/api.w.org\/{rel}","templated":true}]}}