{"id":5037,"date":"2020-01-19T00:28:07","date_gmt":"2020-01-18T23:28:07","guid":{"rendered":"http:\/\/blogg.varldenidag.se\/musik\/?p=5037"},"modified":"2020-01-08T08:57:52","modified_gmt":"2020-01-08T07:57:52","slug":"popdanga-fran-debutanten","status":"publish","type":"post","link":"http:\/\/blogg.varldenidag.se\/musik\/popdanga-fran-debutanten\/","title":{"rendered":"Popd\u00e4nga fr\u00e5n debutanten"},"content":{"rendered":"<p>&#8221;Revival&#8221; \u2013 v\u00e4ckelse \u2013 \u00e4r ett vackert ord och med en vacker inneb\u00f6rd. Just det tar debutanten\u00a0<strong>Adam LaVerdiere\u00a0<\/strong>fasta p\u00e5 i sin debutl\u00e5t\u00a0<em>&#8221;This Is Revival&#8221;.\u00a0<\/em>En popd\u00e4nga i klassiskt CCM-landskap, inte olikt stora namn som\u00a0<strong>Matthew West\u00a0<\/strong>och\u00a0<strong>Jordan Feliz.\u00a0<\/strong>En klassisk popd\u00e4nga som radiostationerna kommer kasta sig \u00f6ver och som dina spellistor kommer att \u00e4lska. Missa icke!<\/p>\n<div class=\"video-container\"><iframe title=\"Spotify Embed: This Is Revival\" style=\"border-radius: 12px\" width=\"100%\" height=\"152\" frameborder=\"0\" allowfullscreen allow=\"autoplay; clipboard-write; encrypted-media; fullscreen; picture-in-picture\" loading=\"lazy\" src=\"https:\/\/open.spotify.com\/embed\/track\/7t2ni0yH2lHrMxJNOgjoaE?si=JnEo_FZbRtOlvWUSOT-95g&#038;utm_source=oembed\"><\/iframe><\/div>\n<div class=\"video-container\"><iframe loading=\"lazy\" title=\"LVRDR - This Is Revival (Official Lyric Video)\" width=\"500\" height=\"281\" src=\"https:\/\/www.youtube.com\/embed\/U9KCqKx0aQs?feature=oembed\" frameborder=\"0\" allow=\"accelerometer; autoplay; clipboard-write; encrypted-media; gyroscope; picture-in-picture; web-share\" referrerpolicy=\"strict-origin-when-cross-origin\" allowfullscreen><\/iframe><\/div>\n","protected":false},"excerpt":{"rendered":"<p>&#8221;Revival&#8221; \u2013 v\u00e4ckelse \u2013 \u00e4r ett vackert ord och med en vacker inneb\u00f6rd. Just det tar debutanten\u00a0Adam LaVerdiere\u00a0fasta p\u00e5 i sin debutl\u00e5t\u00a0&#8221;This Is Revival&#8221;.\u00a0En popd\u00e4nga i klassiskt [&hellip;]<\/p>\n","protected":false},"author":15,"featured_media":0,"comment_status":"open","ping_status":"open","sticky":false,"template":"","format":"standard","meta":{"footnotes":"","_links_to":"","_links_to_target":""},"categories":[1],"tags":[],"class_list":["post-5037","post","type-post","status-publish","format-standard","hentry","category-musik"],"_links":{"self":[{"href":"http:\/\/blogg.varldenidag.se\/musik\/wp-json\/wp\/v2\/posts\/5037","targetHints":{"allow":["GET"]}}],"collection":[{"href":"http:\/\/blogg.varldenidag.se\/musik\/wp-json\/wp\/v2\/posts"}],"about":[{"href":"http:\/\/blogg.varldenidag.se\/musik\/wp-json\/wp\/v2\/types\/post"}],"author":[{"embeddable":true,"href":"http:\/\/blogg.varldenidag.se\/musik\/wp-json\/wp\/v2\/users\/15"}],"replies":[{"embeddable":true,"href":"http:\/\/blogg.varldenidag.se\/musik\/wp-json\/wp\/v2\/comments?post=5037"}],"version-history":[{"count":3,"href":"http:\/\/blogg.varldenidag.se\/musik\/wp-json\/wp\/v2\/posts\/5037\/revisions"}],"predecessor-version":[{"id":5046,"href":"http:\/\/blogg.varldenidag.se\/musik\/wp-json\/wp\/v2\/posts\/5037\/revisions\/5046"}],"wp:attachment":[{"href":"http:\/\/blogg.varldenidag.se\/musik\/wp-json\/wp\/v2\/media?parent=5037"}],"wp:term":[{"taxonomy":"category","embeddable":true,"href":"http:\/\/blogg.varldenidag.se\/musik\/wp-json\/wp\/v2\/categories?post=5037"},{"taxonomy":"post_tag","embeddable":true,"href":"http:\/\/blogg.varldenidag.se\/musik\/wp-json\/wp\/v2\/tags?post=5037"}],"curies":[{"name":"wp","href":"https:\/\/api.w.org\/{rel}","templated":true}]}}