{"id":5035,"date":"2020-01-17T00:14:16","date_gmt":"2020-01-16T23:14:16","guid":{"rendered":"http:\/\/blogg.varldenidag.se\/musik\/?p=5035"},"modified":"2020-01-08T08:58:21","modified_gmt":"2020-01-08T07:58:21","slug":"urstarkt-och-nara-med-jervis-campbell","status":"publish","type":"post","link":"http:\/\/blogg.varldenidag.se\/musik\/urstarkt-och-nara-med-jervis-campbell\/","title":{"rendered":"Urstarkt och n\u00e4ra med Jervis Campbell"},"content":{"rendered":"<p>I en flod av ny lovs\u00e5ng finns det ibland guldkorn som glimrar lite extra. Just ett s\u00e5dant \u00e4r Nashvilles\u00e5ngaren\u00a0<strong>Jervis Campbell<\/strong>, som sakta men s\u00e4kert byggt upp en allt st\u00f6rre lyssnarkrets. \u00d6ver 100 000 lyssnare varje m\u00e5nad p\u00e5 Spotify visar att han \u00e4r en bit p\u00e5 v\u00e4g, men lyssnar du p\u00e5 hans musik s\u00e5 f\u00f6rst\u00e5r du snabbt att den siffran snart kommer \u00f6ka ordentligt.<\/p>\n<p><strong>Jervis\u00a0<\/strong>har hittat en egen f\u00e5ra i lovs\u00e5ngsstr\u00f6mmen, d\u00e4r han bjuder p\u00e5 en personlig lovs\u00e5ng i sitt eget uttryck och med en unik r\u00f6st. Kombinationen av detta blir en helhet som du lyssnar p\u00e5 och som ber\u00f6r. Hans fantastiska\u00a0<i>&#8221;Glory&#8221;\u00a0<\/i>var en av fjol\u00e5rets st\u00f6rsta \u00f6verraskningar och en l\u00e5t som kommer finnas med f\u00f6r l\u00e5ng tid fram\u00f6ver. L\u00e5ten kommer verkligen n\u00e4ra och sk\u00e4r ner djupt i sinnena med sin starka text, uppbyggt kring refr\u00e4ngen\u00a0<i>&#8221;Glory,\u00a0glory, I see You on the throne&#8221;.\u00a0<\/i><\/p>\n<p>Urstarkt!<\/p>\n<div class=\"video-container\"><iframe title=\"Spotify Embed: Glory\" style=\"border-radius: 12px\" width=\"100%\" height=\"152\" frameborder=\"0\" allowfullscreen allow=\"autoplay; clipboard-write; encrypted-media; fullscreen; picture-in-picture\" loading=\"lazy\" src=\"https:\/\/open.spotify.com\/embed\/track\/0tHv0wC2xV5j7r4e2dxwuW?si=s3974ga9S5Oh2OM9nk4Ykg&#038;utm_source=oembed\"><\/iframe><\/div>\n<div class=\"video-container\"><iframe loading=\"lazy\" title=\"Glory\" width=\"500\" height=\"375\" src=\"https:\/\/www.youtube.com\/embed\/x59Si20PqPE?feature=oembed\" frameborder=\"0\" allow=\"accelerometer; autoplay; clipboard-write; encrypted-media; gyroscope; picture-in-picture; web-share\" referrerpolicy=\"strict-origin-when-cross-origin\" allowfullscreen><\/iframe><\/div>\n","protected":false},"excerpt":{"rendered":"<p>I en flod av ny lovs\u00e5ng finns det ibland guldkorn som glimrar lite extra. Just ett s\u00e5dant \u00e4r Nashvilles\u00e5ngaren\u00a0Jervis Campbell, som sakta men s\u00e4kert byggt upp en [&hellip;]<\/p>\n","protected":false},"author":15,"featured_media":0,"comment_status":"open","ping_status":"open","sticky":false,"template":"","format":"standard","meta":{"footnotes":"","_links_to":"","_links_to_target":""},"categories":[1],"tags":[],"class_list":["post-5035","post","type-post","status-publish","format-standard","hentry","category-musik"],"_links":{"self":[{"href":"http:\/\/blogg.varldenidag.se\/musik\/wp-json\/wp\/v2\/posts\/5035","targetHints":{"allow":["GET"]}}],"collection":[{"href":"http:\/\/blogg.varldenidag.se\/musik\/wp-json\/wp\/v2\/posts"}],"about":[{"href":"http:\/\/blogg.varldenidag.se\/musik\/wp-json\/wp\/v2\/types\/post"}],"author":[{"embeddable":true,"href":"http:\/\/blogg.varldenidag.se\/musik\/wp-json\/wp\/v2\/users\/15"}],"replies":[{"embeddable":true,"href":"http:\/\/blogg.varldenidag.se\/musik\/wp-json\/wp\/v2\/comments?post=5035"}],"version-history":[{"count":2,"href":"http:\/\/blogg.varldenidag.se\/musik\/wp-json\/wp\/v2\/posts\/5035\/revisions"}],"predecessor-version":[{"id":5047,"href":"http:\/\/blogg.varldenidag.se\/musik\/wp-json\/wp\/v2\/posts\/5035\/revisions\/5047"}],"wp:attachment":[{"href":"http:\/\/blogg.varldenidag.se\/musik\/wp-json\/wp\/v2\/media?parent=5035"}],"wp:term":[{"taxonomy":"category","embeddable":true,"href":"http:\/\/blogg.varldenidag.se\/musik\/wp-json\/wp\/v2\/categories?post=5035"},{"taxonomy":"post_tag","embeddable":true,"href":"http:\/\/blogg.varldenidag.se\/musik\/wp-json\/wp\/v2\/tags?post=5035"}],"curies":[{"name":"wp","href":"https:\/\/api.w.org\/{rel}","templated":true}]}}