{"id":486,"date":"2012-08-22T07:00:47","date_gmt":"2012-08-22T05:00:47","guid":{"rendered":"http:\/\/blogg.varldenidag.se\/musik\/?p=486"},"modified":"2012-08-20T21:03:51","modified_gmt":"2012-08-20T19:03:51","slug":"comeback-for-sixpence-none-the-richer","status":"publish","type":"post","link":"http:\/\/blogg.varldenidag.se\/musik\/comeback-for-sixpence-none-the-richer\/","title":{"rendered":"Comeback f\u00f6r Sixpence None the Richer"},"content":{"rendered":"<p>Det har g\u00e5tt ett decennium sedan <strong>Sixpence None the Richer<\/strong>&#8217;s f\u00f6rra skiva <em>Divine Discontent<\/em> kom ut. F\u00f6r alla h\u00e4ngivna fans har v\u00e4ntan varit l\u00e5ng. Men nu \u00e4r den definitivt \u00f6ver. Bandet har just haft release f\u00f6r skivan <em>Lost in Translation<\/em>.<\/p>\n<p>Videon h\u00e4r ovan \u00e4r fr\u00e5n f\u00f6rsta singeln &#8221;Radio&#8221;.<\/p>\n","protected":false},"excerpt":{"rendered":"<p>Det har g\u00e5tt ett decennium sedan Sixpence None the Richer&#8217;s f\u00f6rra skiva Divine Discontent kom ut. F\u00f6r alla h\u00e4ngivna fans har v\u00e4ntan varit l\u00e5ng. Men nu \u00e4r [&hellip;]<\/p>\n","protected":false},"author":14,"featured_media":487,"comment_status":"open","ping_status":"open","sticky":false,"template":"","format":"standard","meta":{"footnotes":"","_links_to":"","_links_to_target":""},"categories":[1],"tags":[135],"class_list":["post-486","post","type-post","status-publish","format-standard","has-post-thumbnail","hentry","category-musik","tag-sixpence-none-the-richer"],"_links":{"self":[{"href":"http:\/\/blogg.varldenidag.se\/musik\/wp-json\/wp\/v2\/posts\/486","targetHints":{"allow":["GET"]}}],"collection":[{"href":"http:\/\/blogg.varldenidag.se\/musik\/wp-json\/wp\/v2\/posts"}],"about":[{"href":"http:\/\/blogg.varldenidag.se\/musik\/wp-json\/wp\/v2\/types\/post"}],"author":[{"embeddable":true,"href":"http:\/\/blogg.varldenidag.se\/musik\/wp-json\/wp\/v2\/users\/14"}],"replies":[{"embeddable":true,"href":"http:\/\/blogg.varldenidag.se\/musik\/wp-json\/wp\/v2\/comments?post=486"}],"version-history":[{"count":2,"href":"http:\/\/blogg.varldenidag.se\/musik\/wp-json\/wp\/v2\/posts\/486\/revisions"}],"predecessor-version":[{"id":489,"href":"http:\/\/blogg.varldenidag.se\/musik\/wp-json\/wp\/v2\/posts\/486\/revisions\/489"}],"wp:featuredmedia":[{"embeddable":true,"href":"http:\/\/blogg.varldenidag.se\/musik\/wp-json\/wp\/v2\/media\/487"}],"wp:attachment":[{"href":"http:\/\/blogg.varldenidag.se\/musik\/wp-json\/wp\/v2\/media?parent=486"}],"wp:term":[{"taxonomy":"category","embeddable":true,"href":"http:\/\/blogg.varldenidag.se\/musik\/wp-json\/wp\/v2\/categories?post=486"},{"taxonomy":"post_tag","embeddable":true,"href":"http:\/\/blogg.varldenidag.se\/musik\/wp-json\/wp\/v2\/tags?post=486"}],"curies":[{"name":"wp","href":"https:\/\/api.w.org\/{rel}","templated":true}]}}