{"id":4792,"date":"2019-12-24T00:21:12","date_gmt":"2019-12-23T23:21:12","guid":{"rendered":"http:\/\/blogg.varldenidag.se\/musik\/?p=4792"},"modified":"2020-01-08T09:07:29","modified_gmt":"2020-01-08T08:07:29","slug":"topp-19-2019-plats-8","status":"publish","type":"post","link":"http:\/\/blogg.varldenidag.se\/musik\/topp-19-2019-plats-8\/","title":{"rendered":"Topp 19 2019: Plats 8"},"content":{"rendered":"<p><em>H\u00e4ng med oss n\u00e4r vi r\u00e4knar ner de 19 b\u00e4sta l\u00e5tarna 2019 \u2013 en ny l\u00e5t varje dag fram till ny\u00e5r!<\/em><\/p>\n<p><strong>Hope &#8211; There Is Hope For Me<\/strong><\/p>\n<p>Vi har haft Hope med p\u00e5 \u00e5rsnedr\u00e4kningar tidigare och n\u00e4r debutalbumet nu \u00e4r h\u00e4r \u00e4r det ingen st\u00f6rre skr\u00e4ll att de lyckas \u00e5terupprepa den bedriften. Det \u00e4kta paret Joakim och Therese Sandstr\u00f6m har satt ihop en skiva som \u00e4r fylld till br\u00e4dden med hopp, budskap, k\u00e4rlek och Gud &#8211; och allra mest gillar vi denna gl\u00e4dje- och hoppfyllda <em>&#8221;There Is Hope For Me&#8221;. <\/em><\/p>\n<div class=\"video-container\"><iframe title=\"Spotify Embed: There&amp;apos;s Hope for Me\" style=\"border-radius: 12px\" width=\"100%\" height=\"152\" frameborder=\"0\" allowfullscreen allow=\"autoplay; clipboard-write; encrypted-media; fullscreen; picture-in-picture\" loading=\"lazy\" src=\"https:\/\/open.spotify.com\/embed\/track\/0IcpSNeQRWbuZAdyTN9gsG?si=reb5q1aVQPOLMy2BACu5jw&#038;utm_source=oembed\"><\/iframe><\/div>\n","protected":false},"excerpt":{"rendered":"<p>H\u00e4ng med oss n\u00e4r vi r\u00e4knar ner de 19 b\u00e4sta l\u00e5tarna 2019 \u2013 en ny l\u00e5t varje dag fram till ny\u00e5r! Hope &#8211; There Is Hope For [&hellip;]<\/p>\n","protected":false},"author":15,"featured_media":0,"comment_status":"open","ping_status":"open","sticky":false,"template":"","format":"standard","meta":{"footnotes":"","_links_to":"","_links_to_target":""},"categories":[1],"tags":[],"class_list":["post-4792","post","type-post","status-publish","format-standard","hentry","category-musik"],"_links":{"self":[{"href":"http:\/\/blogg.varldenidag.se\/musik\/wp-json\/wp\/v2\/posts\/4792","targetHints":{"allow":["GET"]}}],"collection":[{"href":"http:\/\/blogg.varldenidag.se\/musik\/wp-json\/wp\/v2\/posts"}],"about":[{"href":"http:\/\/blogg.varldenidag.se\/musik\/wp-json\/wp\/v2\/types\/post"}],"author":[{"embeddable":true,"href":"http:\/\/blogg.varldenidag.se\/musik\/wp-json\/wp\/v2\/users\/15"}],"replies":[{"embeddable":true,"href":"http:\/\/blogg.varldenidag.se\/musik\/wp-json\/wp\/v2\/comments?post=4792"}],"version-history":[{"count":4,"href":"http:\/\/blogg.varldenidag.se\/musik\/wp-json\/wp\/v2\/posts\/4792\/revisions"}],"predecessor-version":[{"id":5067,"href":"http:\/\/blogg.varldenidag.se\/musik\/wp-json\/wp\/v2\/posts\/4792\/revisions\/5067"}],"wp:attachment":[{"href":"http:\/\/blogg.varldenidag.se\/musik\/wp-json\/wp\/v2\/media?parent=4792"}],"wp:term":[{"taxonomy":"category","embeddable":true,"href":"http:\/\/blogg.varldenidag.se\/musik\/wp-json\/wp\/v2\/categories?post=4792"},{"taxonomy":"post_tag","embeddable":true,"href":"http:\/\/blogg.varldenidag.se\/musik\/wp-json\/wp\/v2\/tags?post=4792"}],"curies":[{"name":"wp","href":"https:\/\/api.w.org\/{rel}","templated":true}]}}