{"id":465,"date":"2012-08-19T20:21:06","date_gmt":"2012-08-19T18:21:06","guid":{"rendered":"http:\/\/blogg.varldenidag.se\/musik\/?p=465"},"modified":"2012-08-19T23:31:29","modified_gmt":"2012-08-19T21:31:29","slug":"gratis-lat-fran-israel-houghton","status":"publish","type":"post","link":"http:\/\/blogg.varldenidag.se\/musik\/gratis-lat-fran-israel-houghton\/","title":{"rendered":"Gratis l\u00e5t fr\u00e5n Israel Houghton"},"content":{"rendered":"<p>Just nu kan man ladda ner l\u00e5ten &#8221;Rez Power&#8221; fr\u00e5n <strong>Israel Houghtons<\/strong> nya skiva <em>Jesus at the center<\/em> helt gratis (lagligt f\u00f6rst\u00e5s). Filen h\u00e4mtas <a href=\"http:\/\/www.watchgmctv.com\/music\/download\/israel-houghton-new-breed-rez-power\" target=\"_blank\">h\u00e4r p\u00e5 Gospel Music Channels sida<\/a>.<\/p>\n<p>L\u00e4gger med ett klipp h\u00e4r ovan d\u00e4r Israel ber\u00e4ttar om nya skivan.<\/p>\n","protected":false},"excerpt":{"rendered":"<p>Just nu kan man ladda ner l\u00e5ten &#8221;Rez Power&#8221; fr\u00e5n Israel Houghtons nya skiva Jesus at the center helt gratis (lagligt f\u00f6rst\u00e5s). Filen h\u00e4mtas h\u00e4r p\u00e5 Gospel [&hellip;]<\/p>\n","protected":false},"author":14,"featured_media":206,"comment_status":"open","ping_status":"open","sticky":false,"template":"","format":"standard","meta":{"footnotes":"","_links_to":"","_links_to_target":""},"categories":[1],"tags":[59,57],"class_list":["post-465","post","type-post","status-publish","format-standard","has-post-thumbnail","hentry","category-musik","tag-israel-new-breed","tag-israel-houghton"],"_links":{"self":[{"href":"http:\/\/blogg.varldenidag.se\/musik\/wp-json\/wp\/v2\/posts\/465","targetHints":{"allow":["GET"]}}],"collection":[{"href":"http:\/\/blogg.varldenidag.se\/musik\/wp-json\/wp\/v2\/posts"}],"about":[{"href":"http:\/\/blogg.varldenidag.se\/musik\/wp-json\/wp\/v2\/types\/post"}],"author":[{"embeddable":true,"href":"http:\/\/blogg.varldenidag.se\/musik\/wp-json\/wp\/v2\/users\/14"}],"replies":[{"embeddable":true,"href":"http:\/\/blogg.varldenidag.se\/musik\/wp-json\/wp\/v2\/comments?post=465"}],"version-history":[{"count":5,"href":"http:\/\/blogg.varldenidag.se\/musik\/wp-json\/wp\/v2\/posts\/465\/revisions"}],"predecessor-version":[{"id":479,"href":"http:\/\/blogg.varldenidag.se\/musik\/wp-json\/wp\/v2\/posts\/465\/revisions\/479"}],"wp:featuredmedia":[{"embeddable":true,"href":"http:\/\/blogg.varldenidag.se\/musik\/wp-json\/wp\/v2\/media\/206"}],"wp:attachment":[{"href":"http:\/\/blogg.varldenidag.se\/musik\/wp-json\/wp\/v2\/media?parent=465"}],"wp:term":[{"taxonomy":"category","embeddable":true,"href":"http:\/\/blogg.varldenidag.se\/musik\/wp-json\/wp\/v2\/categories?post=465"},{"taxonomy":"post_tag","embeddable":true,"href":"http:\/\/blogg.varldenidag.se\/musik\/wp-json\/wp\/v2\/tags?post=465"}],"curies":[{"name":"wp","href":"https:\/\/api.w.org\/{rel}","templated":true}]}}