{"id":4554,"date":"2019-11-30T00:08:35","date_gmt":"2019-11-29T23:08:35","guid":{"rendered":"http:\/\/blogg.varldenidag.se\/musik\/?p=4554"},"modified":"2019-12-02T08:57:15","modified_gmt":"2019-12-02T07:57:15","slug":"julens-lovsanger-samlade","status":"publish","type":"post","link":"http:\/\/blogg.varldenidag.se\/musik\/julens-lovsanger-samlade\/","title":{"rendered":"Julens lovs\u00e5nger samlade!"},"content":{"rendered":"<p>Det finns alltid en anledning att lovsjunga! Men kanske \u00e4r julen en av de d\u00e4r tiderna p\u00e5 \u00e5ret d\u00e5 det faktiskt passar allra, allra b\u00e4st. Oavsett om du gillar traditionell juls\u00e5ng eller inte s\u00e5 har vi satt ihop\u00a0<strong>Christmas Worship\u00a0<\/strong>\u2013 helt enkelt spellistan med julens lovs\u00e5nger.<\/p>\n<p>Trevlig lyssning!<\/p>\n<div class=\"video-container\"><iframe title=\"Spotify Embed: Christmas Worship\" style=\"border-radius: 12px\" width=\"100%\" height=\"352\" frameborder=\"0\" allowfullscreen allow=\"autoplay; clipboard-write; encrypted-media; fullscreen; picture-in-picture\" loading=\"lazy\" src=\"https:\/\/open.spotify.com\/embed\/playlist\/5ExDArFr8gPjIcvXU6Fd8o?si=1iwChy6sSGSIYDPB_Nzy2Q&#038;utm_source=oembed\"><\/iframe><\/div>\n","protected":false},"excerpt":{"rendered":"<p>Det finns alltid en anledning att lovsjunga! Men kanske \u00e4r julen en av de d\u00e4r tiderna p\u00e5 \u00e5ret d\u00e5 det faktiskt passar allra, allra b\u00e4st. Oavsett om [&hellip;]<\/p>\n","protected":false},"author":15,"featured_media":0,"comment_status":"open","ping_status":"open","sticky":false,"template":"","format":"standard","meta":{"footnotes":"","_links_to":"","_links_to_target":""},"categories":[1],"tags":[],"class_list":["post-4554","post","type-post","status-publish","format-standard","hentry","category-musik"],"_links":{"self":[{"href":"http:\/\/blogg.varldenidag.se\/musik\/wp-json\/wp\/v2\/posts\/4554","targetHints":{"allow":["GET"]}}],"collection":[{"href":"http:\/\/blogg.varldenidag.se\/musik\/wp-json\/wp\/v2\/posts"}],"about":[{"href":"http:\/\/blogg.varldenidag.se\/musik\/wp-json\/wp\/v2\/types\/post"}],"author":[{"embeddable":true,"href":"http:\/\/blogg.varldenidag.se\/musik\/wp-json\/wp\/v2\/users\/15"}],"replies":[{"embeddable":true,"href":"http:\/\/blogg.varldenidag.se\/musik\/wp-json\/wp\/v2\/comments?post=4554"}],"version-history":[{"count":3,"href":"http:\/\/blogg.varldenidag.se\/musik\/wp-json\/wp\/v2\/posts\/4554\/revisions"}],"predecessor-version":[{"id":4757,"href":"http:\/\/blogg.varldenidag.se\/musik\/wp-json\/wp\/v2\/posts\/4554\/revisions\/4757"}],"wp:attachment":[{"href":"http:\/\/blogg.varldenidag.se\/musik\/wp-json\/wp\/v2\/media?parent=4554"}],"wp:term":[{"taxonomy":"category","embeddable":true,"href":"http:\/\/blogg.varldenidag.se\/musik\/wp-json\/wp\/v2\/categories?post=4554"},{"taxonomy":"post_tag","embeddable":true,"href":"http:\/\/blogg.varldenidag.se\/musik\/wp-json\/wp\/v2\/tags?post=4554"}],"curies":[{"name":"wp","href":"https:\/\/api.w.org\/{rel}","templated":true}]}}