{"id":4544,"date":"2019-11-27T00:52:28","date_gmt":"2019-11-26T23:52:28","guid":{"rendered":"http:\/\/blogg.varldenidag.se\/musik\/?p=4544"},"modified":"2019-12-02T08:58:09","modified_gmt":"2019-12-02T07:58:09","slug":"wickham-fixar-julstamningen","status":"publish","type":"post","link":"http:\/\/blogg.varldenidag.se\/musik\/wickham-fixar-julstamningen\/","title":{"rendered":"Wickham fixar julst\u00e4mningen"},"content":{"rendered":"<p>\u00c5tta \u00e5r har g\u00e5tt sedan\u00a0<strong>Phil Wickham\u00a0<\/strong>sl\u00e4ppte julmusik senast. Eftersom det d\u00e5 handlade om en riktigt bra skiva s\u00e5 \u00e4r f\u00f6rv\u00e4ntningarna naturligtvis h\u00f6gt st\u00e4llda \u00e4ven p\u00e5 nya skivan\u00a0<em>&#8221;Christmas&#8221;.<\/em><\/p>\n<p>Men alla som varit oroliga kan vara lugna &#8211;\u00a0<strong>Phil\u00a0<\/strong>och jul \u00e4r en synnerligen angen\u00e4m kombination. Inte minst n\u00e4r han skalar ner och dukar upp buff\u00e9bordet i akustiskt format, s\u00e5 som han gjort exempelvis p\u00e5 sina Singalong-skivor.\u00a0<em>&#8221;Christmas&#8221;\u00a0<\/em>inneh\u00e5ller en fin blandning av traditionella juls\u00e5nger som\u00a0<i>&#8221;Hark! The Herald Angels\u00a0Sing&#8221; ,\u00a0<\/i>blandat med nyskrivna vackra s\u00e5nger som\u00a0<em>&#8221;Face of God&#8221;.<\/em><\/p>\n<p>Definitivt ett m\u00e5ste i \u00e5rets intag av julmusik!<\/p>\n<div class=\"video-container\"><iframe title=\"Spotify Embed: Face of God\" style=\"border-radius: 12px\" width=\"100%\" height=\"152\" frameborder=\"0\" allowfullscreen allow=\"autoplay; clipboard-write; encrypted-media; fullscreen; picture-in-picture\" loading=\"lazy\" src=\"https:\/\/open.spotify.com\/embed\/track\/7sFGFdcMuW6wkIUNPOKrU6?si=EcMiqUtmSHqsWUFCEVpW1g&#038;utm_source=oembed\"><\/iframe><\/div>\n<div class=\"video-container\"><iframe loading=\"lazy\" title=\"Phil Wickham - Face Of God (Official Audio)\" width=\"500\" height=\"281\" src=\"https:\/\/www.youtube.com\/embed\/4_9ILAxOHAA?feature=oembed\" frameborder=\"0\" allow=\"accelerometer; autoplay; clipboard-write; encrypted-media; gyroscope; picture-in-picture; web-share\" referrerpolicy=\"strict-origin-when-cross-origin\" allowfullscreen><\/iframe><\/div>\n","protected":false},"excerpt":{"rendered":"<p>\u00c5tta \u00e5r har g\u00e5tt sedan\u00a0Phil Wickham\u00a0sl\u00e4ppte julmusik senast. Eftersom det d\u00e5 handlade om en riktigt bra skiva s\u00e5 \u00e4r f\u00f6rv\u00e4ntningarna naturligtvis h\u00f6gt st\u00e4llda \u00e4ven p\u00e5 nya skivan\u00a0&#8221;Christmas&#8221;. [&hellip;]<\/p>\n","protected":false},"author":15,"featured_media":0,"comment_status":"open","ping_status":"open","sticky":false,"template":"","format":"standard","meta":{"footnotes":"","_links_to":"","_links_to_target":""},"categories":[1],"tags":[],"class_list":["post-4544","post","type-post","status-publish","format-standard","hentry","category-musik"],"_links":{"self":[{"href":"http:\/\/blogg.varldenidag.se\/musik\/wp-json\/wp\/v2\/posts\/4544","targetHints":{"allow":["GET"]}}],"collection":[{"href":"http:\/\/blogg.varldenidag.se\/musik\/wp-json\/wp\/v2\/posts"}],"about":[{"href":"http:\/\/blogg.varldenidag.se\/musik\/wp-json\/wp\/v2\/types\/post"}],"author":[{"embeddable":true,"href":"http:\/\/blogg.varldenidag.se\/musik\/wp-json\/wp\/v2\/users\/15"}],"replies":[{"embeddable":true,"href":"http:\/\/blogg.varldenidag.se\/musik\/wp-json\/wp\/v2\/comments?post=4544"}],"version-history":[{"count":3,"href":"http:\/\/blogg.varldenidag.se\/musik\/wp-json\/wp\/v2\/posts\/4544\/revisions"}],"predecessor-version":[{"id":4760,"href":"http:\/\/blogg.varldenidag.se\/musik\/wp-json\/wp\/v2\/posts\/4544\/revisions\/4760"}],"wp:attachment":[{"href":"http:\/\/blogg.varldenidag.se\/musik\/wp-json\/wp\/v2\/media?parent=4544"}],"wp:term":[{"taxonomy":"category","embeddable":true,"href":"http:\/\/blogg.varldenidag.se\/musik\/wp-json\/wp\/v2\/categories?post=4544"},{"taxonomy":"post_tag","embeddable":true,"href":"http:\/\/blogg.varldenidag.se\/musik\/wp-json\/wp\/v2\/tags?post=4544"}],"curies":[{"name":"wp","href":"https:\/\/api.w.org\/{rel}","templated":true}]}}