{"id":4538,"date":"2019-11-21T00:11:00","date_gmt":"2019-11-20T23:11:00","guid":{"rendered":"http:\/\/blogg.varldenidag.se\/musik\/?p=4538"},"modified":"2019-11-22T08:40:09","modified_gmt":"2019-11-22T07:40:09","slug":"intimt-och-nara-med-svensk-debutant","status":"publish","type":"post","link":"http:\/\/blogg.varldenidag.se\/musik\/intimt-och-nara-med-svensk-debutant\/","title":{"rendered":"Intimt och n\u00e4ra med svensk debutant"},"content":{"rendered":"<p>N\u00e4r \u00f6rebroaren\u00a0<strong>Fredrik Sturzenbecker\u00a0<\/strong>sl\u00e4pper sin debutskiva, 52 \u00e5r fyllda, s\u00e5 duckar han inte f\u00f6r att skriva om \u00e4mnen som brustenhet och sorg. Men hans skiva\u00a0<em>&#8221;Bara med dig&#8221;\u00a0<\/em>andas ocks\u00e5 hopp och tro. Genomg\u00e5ende \u00e4r att det \u00e4r l\u00e5gm\u00e4lt, avskalat, med Fredriks ber\u00e4ttande i singer\/songwriter-stil som f\u00e5r dig att vilja s\u00e4nka belysningen, luta dig tillbaka och bara ta in det som han vill f\u00f6rmedla.<\/p>\n<p><em>&#8221;Hitta mig&#8221;\u00a0<\/em>d\u00e4r\u00a0<strong>Pelle Ankarberg\u00a0<\/strong>\u00e4r en favorit p\u00e5 skivan, men allra mest ber\u00f6r kanske den gripande\u00a0<em>&#8221;Ta mitt slitna kors&#8221;\u00a0<\/em>d\u00e4r det knappast g\u00e5r att inte bli ber\u00f6rd och d\u00e4r\u00a0<strong>Fredriks\u00a0<\/strong>text och s\u00e5ng blir till en \u00e4rligt ber\u00e4ttande och ber\u00f6rande visa &#8211; i ett totalt avskalat och naket format.<\/p>\n<div class=\"video-container\"><iframe title=\"Spotify Embed: Ta mitt slitna kors\" style=\"border-radius: 12px\" width=\"100%\" height=\"152\" frameborder=\"0\" allowfullscreen allow=\"autoplay; clipboard-write; encrypted-media; fullscreen; picture-in-picture\" loading=\"lazy\" src=\"https:\/\/open.spotify.com\/embed\/track\/3Uf7a4Qxbu0ffWuxIDvHuk?si=6IeV-EX2RsqOJ5zFtx5l4Q&#038;utm_source=oembed\"><\/iframe><\/div>\n<div class=\"video-container\"><iframe loading=\"lazy\" title=\"Ta mitt slitna kors\" width=\"500\" height=\"375\" src=\"https:\/\/www.youtube.com\/embed\/31QrQdWq914?feature=oembed\" frameborder=\"0\" allow=\"accelerometer; autoplay; clipboard-write; encrypted-media; gyroscope; picture-in-picture; web-share\" referrerpolicy=\"strict-origin-when-cross-origin\" allowfullscreen><\/iframe><\/div>\n<p>&nbsp;<\/p>\n","protected":false},"excerpt":{"rendered":"<p>N\u00e4r \u00f6rebroaren\u00a0Fredrik Sturzenbecker\u00a0sl\u00e4pper sin debutskiva, 52 \u00e5r fyllda, s\u00e5 duckar han inte f\u00f6r att skriva om \u00e4mnen som brustenhet och sorg. Men hans skiva\u00a0&#8221;Bara med dig&#8221;\u00a0andas ocks\u00e5 [&hellip;]<\/p>\n","protected":false},"author":15,"featured_media":0,"comment_status":"open","ping_status":"open","sticky":false,"template":"","format":"standard","meta":{"footnotes":"","_links_to":"","_links_to_target":""},"categories":[1],"tags":[],"class_list":["post-4538","post","type-post","status-publish","format-standard","hentry","category-musik"],"_links":{"self":[{"href":"http:\/\/blogg.varldenidag.se\/musik\/wp-json\/wp\/v2\/posts\/4538","targetHints":{"allow":["GET"]}}],"collection":[{"href":"http:\/\/blogg.varldenidag.se\/musik\/wp-json\/wp\/v2\/posts"}],"about":[{"href":"http:\/\/blogg.varldenidag.se\/musik\/wp-json\/wp\/v2\/types\/post"}],"author":[{"embeddable":true,"href":"http:\/\/blogg.varldenidag.se\/musik\/wp-json\/wp\/v2\/users\/15"}],"replies":[{"embeddable":true,"href":"http:\/\/blogg.varldenidag.se\/musik\/wp-json\/wp\/v2\/comments?post=4538"}],"version-history":[{"count":3,"href":"http:\/\/blogg.varldenidag.se\/musik\/wp-json\/wp\/v2\/posts\/4538\/revisions"}],"predecessor-version":[{"id":4635,"href":"http:\/\/blogg.varldenidag.se\/musik\/wp-json\/wp\/v2\/posts\/4538\/revisions\/4635"}],"wp:attachment":[{"href":"http:\/\/blogg.varldenidag.se\/musik\/wp-json\/wp\/v2\/media?parent=4538"}],"wp:term":[{"taxonomy":"category","embeddable":true,"href":"http:\/\/blogg.varldenidag.se\/musik\/wp-json\/wp\/v2\/categories?post=4538"},{"taxonomy":"post_tag","embeddable":true,"href":"http:\/\/blogg.varldenidag.se\/musik\/wp-json\/wp\/v2\/tags?post=4538"}],"curies":[{"name":"wp","href":"https:\/\/api.w.org\/{rel}","templated":true}]}}