{"id":4492,"date":"2019-10-23T00:37:57","date_gmt":"2019-10-22T22:37:57","guid":{"rendered":"http:\/\/blogg.varldenidag.se\/musik\/?p=4492"},"modified":"2019-10-22T22:38:10","modified_gmt":"2019-10-22T20:38:10","slug":"hemmet-for-svensk-lovsang","status":"publish","type":"post","link":"http:\/\/blogg.varldenidag.se\/musik\/hemmet-for-svensk-lovsang\/","title":{"rendered":"Hemmet f\u00f6r svensk lovs\u00e5ng"},"content":{"rendered":"<p>Nu beh\u00f6ver du inte leta runt efter svensk lovs\u00e5ng l\u00e4ngre &#8211; vi har skapat en spellista d\u00e4r vi samlat det b\u00e5de ny och \u00e4ldre lovs\u00e5ng fr\u00e5n hela landet. Uppdateras regelbundet med de senaste releaserna. Klicka p\u00e5 l\u00e4nken f\u00f6r att f\u00f6lja!<\/p>\n<p>Pssst&#8230;. f\u00f6lj\u00a0<strong>Soundshine\u00a0<\/strong>p\u00e5 Spotify f\u00f6r en v\u00e4rld av spellistor!<\/p>\n<div class=\"video-container\"><iframe title=\"Spotify Embed: Svensk lovs\u00e5ng\" style=\"border-radius: 12px\" width=\"100%\" height=\"352\" frameborder=\"0\" allowfullscreen allow=\"autoplay; clipboard-write; encrypted-media; fullscreen; picture-in-picture\" loading=\"lazy\" src=\"https:\/\/open.spotify.com\/embed\/playlist\/3r38LnPeXB1InI9FrNn9gs?si=Mdbq3tsHRL2E1ii9rtgzPg&#038;utm_source=oembed\"><\/iframe><\/div>\n<p>&nbsp;<\/p>\n","protected":false},"excerpt":{"rendered":"<p>Nu beh\u00f6ver du inte leta runt efter svensk lovs\u00e5ng l\u00e4ngre &#8211; vi har skapat en spellista d\u00e4r vi samlat det b\u00e5de ny och \u00e4ldre lovs\u00e5ng fr\u00e5n hela [&hellip;]<\/p>\n","protected":false},"author":15,"featured_media":0,"comment_status":"open","ping_status":"open","sticky":false,"template":"","format":"standard","meta":{"footnotes":"","_links_to":"","_links_to_target":""},"categories":[1],"tags":[],"class_list":["post-4492","post","type-post","status-publish","format-standard","hentry","category-musik"],"_links":{"self":[{"href":"http:\/\/blogg.varldenidag.se\/musik\/wp-json\/wp\/v2\/posts\/4492","targetHints":{"allow":["GET"]}}],"collection":[{"href":"http:\/\/blogg.varldenidag.se\/musik\/wp-json\/wp\/v2\/posts"}],"about":[{"href":"http:\/\/blogg.varldenidag.se\/musik\/wp-json\/wp\/v2\/types\/post"}],"author":[{"embeddable":true,"href":"http:\/\/blogg.varldenidag.se\/musik\/wp-json\/wp\/v2\/users\/15"}],"replies":[{"embeddable":true,"href":"http:\/\/blogg.varldenidag.se\/musik\/wp-json\/wp\/v2\/comments?post=4492"}],"version-history":[{"count":1,"href":"http:\/\/blogg.varldenidag.se\/musik\/wp-json\/wp\/v2\/posts\/4492\/revisions"}],"predecessor-version":[{"id":4493,"href":"http:\/\/blogg.varldenidag.se\/musik\/wp-json\/wp\/v2\/posts\/4492\/revisions\/4493"}],"wp:attachment":[{"href":"http:\/\/blogg.varldenidag.se\/musik\/wp-json\/wp\/v2\/media?parent=4492"}],"wp:term":[{"taxonomy":"category","embeddable":true,"href":"http:\/\/blogg.varldenidag.se\/musik\/wp-json\/wp\/v2\/categories?post=4492"},{"taxonomy":"post_tag","embeddable":true,"href":"http:\/\/blogg.varldenidag.se\/musik\/wp-json\/wp\/v2\/tags?post=4492"}],"curies":[{"name":"wp","href":"https:\/\/api.w.org\/{rel}","templated":true}]}}