{"id":4476,"date":"2019-11-05T00:53:17","date_gmt":"2019-11-04T23:53:17","guid":{"rendered":"http:\/\/blogg.varldenidag.se\/musik\/?p=4476"},"modified":"2019-11-05T11:53:12","modified_gmt":"2019-11-05T10:53:12","slug":"tung-rock-fran-sverige","status":"publish","type":"post","link":"http:\/\/blogg.varldenidag.se\/musik\/tung-rock-fran-sverige\/","title":{"rendered":"Tung rock fr\u00e5n Sverige"},"content":{"rendered":"<p>Med\u00a0<strong>Ricard Hulteke\u00a0<\/strong>vid mikrofonen &#8211; och otippat nog med bland andra\u00a0<strong>Erik Tilling\u00a0<\/strong>vid en av gitarrerna &#8211; har\u00a0<strong>All For The King\u00a0<\/strong>l\u00e4rt oss att om man vill h\u00f6ra riktigt tung, kristen rock med budskap s\u00e5 \u00e4r det\u00a0<strong>All For The King\u00a0<\/strong>som g\u00e4ller.<\/p>\n<p>Debutskivan fr\u00e5n 2017 gav verkligen mersmak med sin genomg\u00e5ende proffsiga produktion och grymma insatser vid instrumenten och vid mikrofonen. Men nu \u00e4r det dags att sm\u00f6rja upp h\u00f6gtalarna igen f\u00f6r ny musik \u00e4r h\u00e4r!\u00a0<em>&#8221;Metal Gods&#8221;\u00a0<\/em>\u00e4r namnet p\u00e5 senaste alstret och det \u00e4r ett sp\u00e5r som inte l\u00e4mnar n\u00e5gon h\u00e5rdrocks\u00e4lskare besviken. Superproffsigt \u00e4ven denna g\u00e5ng &#8211; ett m\u00e5ste f\u00f6r alla som vill rocka in \u00e5rets n\u00e4st sista m\u00e5nad p\u00e5 allvar!<\/p>\n<p><strong>Spotify-l\u00e4nk:\u00a0<\/strong><a href=\"https:\/\/open.spotify.com\/track\/5UT18Gxnu7rXqykdZ5VKDp?si=HPWtHuEXRECKZHv0kg3vgg\">https:\/\/open.spotify.com\/track\/5UT18Gxnu7rXqykdZ5VKDp?si=HPWtHuEXRECKZHv0kg3vgg<\/a><\/p>\n<div class=\"video-container\"><iframe loading=\"lazy\" title=\"All For The King &quot;METAL GODS&quot; (Official Music Video)\" width=\"500\" height=\"281\" src=\"https:\/\/www.youtube.com\/embed\/KVnAgtNC3b0?feature=oembed\" frameborder=\"0\" allow=\"accelerometer; autoplay; clipboard-write; encrypted-media; gyroscope; picture-in-picture; web-share\" referrerpolicy=\"strict-origin-when-cross-origin\" allowfullscreen><\/iframe><\/div>\n<p>&nbsp;<\/p>\n","protected":false},"excerpt":{"rendered":"<p>Med\u00a0Ricard Hulteke\u00a0vid mikrofonen &#8211; och otippat nog med bland andra\u00a0Erik Tilling\u00a0vid en av gitarrerna &#8211; har\u00a0All For The King\u00a0l\u00e4rt oss att om man vill h\u00f6ra riktigt tung, [&hellip;]<\/p>\n","protected":false},"author":15,"featured_media":0,"comment_status":"open","ping_status":"open","sticky":false,"template":"","format":"standard","meta":{"footnotes":"","_links_to":"","_links_to_target":""},"categories":[1],"tags":[168],"class_list":["post-4476","post","type-post","status-publish","format-standard","hentry","category-musik","tag-erik-tilling"],"_links":{"self":[{"href":"http:\/\/blogg.varldenidag.se\/musik\/wp-json\/wp\/v2\/posts\/4476","targetHints":{"allow":["GET"]}}],"collection":[{"href":"http:\/\/blogg.varldenidag.se\/musik\/wp-json\/wp\/v2\/posts"}],"about":[{"href":"http:\/\/blogg.varldenidag.se\/musik\/wp-json\/wp\/v2\/types\/post"}],"author":[{"embeddable":true,"href":"http:\/\/blogg.varldenidag.se\/musik\/wp-json\/wp\/v2\/users\/15"}],"replies":[{"embeddable":true,"href":"http:\/\/blogg.varldenidag.se\/musik\/wp-json\/wp\/v2\/comments?post=4476"}],"version-history":[{"count":3,"href":"http:\/\/blogg.varldenidag.se\/musik\/wp-json\/wp\/v2\/posts\/4476\/revisions"}],"predecessor-version":[{"id":4511,"href":"http:\/\/blogg.varldenidag.se\/musik\/wp-json\/wp\/v2\/posts\/4476\/revisions\/4511"}],"wp:attachment":[{"href":"http:\/\/blogg.varldenidag.se\/musik\/wp-json\/wp\/v2\/media?parent=4476"}],"wp:term":[{"taxonomy":"category","embeddable":true,"href":"http:\/\/blogg.varldenidag.se\/musik\/wp-json\/wp\/v2\/categories?post=4476"},{"taxonomy":"post_tag","embeddable":true,"href":"http:\/\/blogg.varldenidag.se\/musik\/wp-json\/wp\/v2\/tags?post=4476"}],"curies":[{"name":"wp","href":"https:\/\/api.w.org\/{rel}","templated":true}]}}