{"id":4460,"date":"2019-10-22T20:03:31","date_gmt":"2019-10-22T18:03:31","guid":{"rendered":"http:\/\/blogg.varldenidag.se\/musik\/?p=4460"},"modified":"2019-11-04T10:50:41","modified_gmt":"2019-11-04T09:50:41","slug":"urstarkt-av-johan-asgarde","status":"publish","type":"post","link":"http:\/\/blogg.varldenidag.se\/musik\/urstarkt-av-johan-asgarde\/","title":{"rendered":"Urstarkt av Johan \u00c5sg\u00e4rde"},"content":{"rendered":"<p>I \u00d6rebro bor\u00a0<strong>Johan \u00c5sg\u00e4rde\u00a0<\/strong>&#8211; producent, l\u00e5tskrivare och artist som f\u00f6r sex \u00e5r sedan sl\u00e4ppte sitt debutalbum. D\u00e4refter har han hunnit med att g\u00e4sta och skriva l\u00e5tar ihop med bland andra\u00a0<strong>Jeanette Alfredsson\u00a0<\/strong>och <strong>Josefina Gniste.\u00a0<\/strong>Men nu \u00e4r ett helt nytt album p\u00e5 g\u00e5ng &#8211; p\u00e5 fredag sl\u00e4pps n\u00e4mligen plattan <em>&#8221;Identitet&#8221;.\u00a0<\/em><\/p>\n<p>Ska vi tro de f\u00f6rsta tv\u00e5 smakproven fr\u00e5n denna skiva s\u00e5 kommer det h\u00e4r bli en riktigt grym release! Vi \u00e4r n\u00e4mligen helt f\u00f6r\u00e4lskade inte minst i hans singel\u00a0<em>&#8221;Brinner&#8221;,\u00a0<\/em>som han skrivit ihop med Kevin Salem, Mattias Fr\u00e4nd\u00e5 och Oliver Lundstr\u00f6m. Vi snackar lovs\u00e5ng fast f\u00f6rpackad p\u00e5 ett annorlunda s\u00e4tt, vi snackar b\u00e5de orgel och k\u00f6r och en riktigt vass produktion. Och visst l\u00e5ter det ibland n\u00e4stan sp\u00f6klikt n\u00e5got som\u00a0<strong>Kent<\/strong>?!<\/p>\n<p><em>&#8221;Brinner&#8221;\u00a0<\/em>s\u00e4tter sig direkt &#8211; det h\u00e4r ska du absolut inte missa!<\/p>\n<p><strong>Spotify-l\u00e4nk:\u00a0<\/strong><a href=\"https:\/\/open.spotify.com\/track\/2TBKzvRceZxTm5oJCfVh0k?si=FOssAfDcQ4ewk5zzQNUBKA\">https:\/\/open.spotify.com\/track\/2TBKzvRceZxTm5oJCfVh0k?si=FOssAfDcQ4ewk5zzQNUBKA<\/a><\/p>\n<p>&nbsp;<\/p>\n<div class=\"video-container\"><iframe loading=\"lazy\" title=\"Brinner\" width=\"500\" height=\"375\" src=\"https:\/\/www.youtube.com\/embed\/R40C18-MXfE?feature=oembed\" frameborder=\"0\" allow=\"accelerometer; autoplay; clipboard-write; encrypted-media; gyroscope; picture-in-picture; web-share\" referrerpolicy=\"strict-origin-when-cross-origin\" allowfullscreen><\/iframe><\/div>\n<p>&nbsp;<\/p>\n","protected":false},"excerpt":{"rendered":"<p>I \u00d6rebro bor\u00a0Johan \u00c5sg\u00e4rde\u00a0&#8211; producent, l\u00e5tskrivare och artist som f\u00f6r sex \u00e5r sedan sl\u00e4ppte sitt debutalbum. D\u00e4refter har han hunnit med att g\u00e4sta och skriva l\u00e5tar ihop [&hellip;]<\/p>\n","protected":false},"author":15,"featured_media":0,"comment_status":"open","ping_status":"open","sticky":false,"template":"","format":"standard","meta":{"footnotes":"","_links_to":"","_links_to_target":""},"categories":[1],"tags":[363],"class_list":["post-4460","post","type-post","status-publish","format-standard","hentry","category-musik","tag-johan-asgarde"],"_links":{"self":[{"href":"http:\/\/blogg.varldenidag.se\/musik\/wp-json\/wp\/v2\/posts\/4460","targetHints":{"allow":["GET"]}}],"collection":[{"href":"http:\/\/blogg.varldenidag.se\/musik\/wp-json\/wp\/v2\/posts"}],"about":[{"href":"http:\/\/blogg.varldenidag.se\/musik\/wp-json\/wp\/v2\/types\/post"}],"author":[{"embeddable":true,"href":"http:\/\/blogg.varldenidag.se\/musik\/wp-json\/wp\/v2\/users\/15"}],"replies":[{"embeddable":true,"href":"http:\/\/blogg.varldenidag.se\/musik\/wp-json\/wp\/v2\/comments?post=4460"}],"version-history":[{"count":2,"href":"http:\/\/blogg.varldenidag.se\/musik\/wp-json\/wp\/v2\/posts\/4460\/revisions"}],"predecessor-version":[{"id":4506,"href":"http:\/\/blogg.varldenidag.se\/musik\/wp-json\/wp\/v2\/posts\/4460\/revisions\/4506"}],"wp:attachment":[{"href":"http:\/\/blogg.varldenidag.se\/musik\/wp-json\/wp\/v2\/media?parent=4460"}],"wp:term":[{"taxonomy":"category","embeddable":true,"href":"http:\/\/blogg.varldenidag.se\/musik\/wp-json\/wp\/v2\/categories?post=4460"},{"taxonomy":"post_tag","embeddable":true,"href":"http:\/\/blogg.varldenidag.se\/musik\/wp-json\/wp\/v2\/tags?post=4460"}],"curies":[{"name":"wp","href":"https:\/\/api.w.org\/{rel}","templated":true}]}}