{"id":4366,"date":"2019-10-07T00:23:02","date_gmt":"2019-10-06T22:23:02","guid":{"rendered":"http:\/\/blogg.varldenidag.se\/musik\/?p=4366"},"modified":"2019-10-01T22:23:14","modified_gmt":"2019-10-01T20:23:14","slug":"gatans-egen-spellista","status":"publish","type":"post","link":"http:\/\/blogg.varldenidag.se\/musik\/gatans-egen-spellista\/","title":{"rendered":"Gatans egen spellista!"},"content":{"rendered":"<p>Har du en fabless f\u00f6r soul, r&#8217;n&#8217;b och hiphop? Bra! Vi har n\u00e4mligen satt ihop en spellista just f\u00f6r dig:\u00a0<strong>Vibe Street.\u00a0<\/strong>En spellista fylld med gatans eget sound, med b\u00e5da nya favoriter och redan etablerade akter.<\/p>\n<p>F\u00f6lj <strong>Soundshine<\/strong>p\u00e5 Spotify f\u00f6r en v\u00e4rld av spellistor!<\/p>\n<div class=\"video-container\"><iframe title=\"Spotify Embed: Vibe Street\" style=\"border-radius: 12px\" width=\"100%\" height=\"352\" frameborder=\"0\" allowfullscreen allow=\"autoplay; clipboard-write; encrypted-media; fullscreen; picture-in-picture\" loading=\"lazy\" src=\"https:\/\/open.spotify.com\/embed\/playlist\/1xOHpOzRTlOCjpAG0HXG4K?si=wRzIijeGSTO5A5GwRwKr_Q&#038;utm_source=oembed\"><\/iframe><\/div>\n<p>&nbsp;<\/p>\n","protected":false},"excerpt":{"rendered":"<p>Har du en fabless f\u00f6r soul, r&#8217;n&#8217;b och hiphop? Bra! Vi har n\u00e4mligen satt ihop en spellista just f\u00f6r dig:\u00a0Vibe Street.\u00a0En spellista fylld med gatans eget sound, [&hellip;]<\/p>\n","protected":false},"author":15,"featured_media":0,"comment_status":"open","ping_status":"open","sticky":false,"template":"","format":"standard","meta":{"footnotes":"","_links_to":"","_links_to_target":""},"categories":[1],"tags":[],"class_list":["post-4366","post","type-post","status-publish","format-standard","hentry","category-musik"],"_links":{"self":[{"href":"http:\/\/blogg.varldenidag.se\/musik\/wp-json\/wp\/v2\/posts\/4366","targetHints":{"allow":["GET"]}}],"collection":[{"href":"http:\/\/blogg.varldenidag.se\/musik\/wp-json\/wp\/v2\/posts"}],"about":[{"href":"http:\/\/blogg.varldenidag.se\/musik\/wp-json\/wp\/v2\/types\/post"}],"author":[{"embeddable":true,"href":"http:\/\/blogg.varldenidag.se\/musik\/wp-json\/wp\/v2\/users\/15"}],"replies":[{"embeddable":true,"href":"http:\/\/blogg.varldenidag.se\/musik\/wp-json\/wp\/v2\/comments?post=4366"}],"version-history":[{"count":1,"href":"http:\/\/blogg.varldenidag.se\/musik\/wp-json\/wp\/v2\/posts\/4366\/revisions"}],"predecessor-version":[{"id":4367,"href":"http:\/\/blogg.varldenidag.se\/musik\/wp-json\/wp\/v2\/posts\/4366\/revisions\/4367"}],"wp:attachment":[{"href":"http:\/\/blogg.varldenidag.se\/musik\/wp-json\/wp\/v2\/media?parent=4366"}],"wp:term":[{"taxonomy":"category","embeddable":true,"href":"http:\/\/blogg.varldenidag.se\/musik\/wp-json\/wp\/v2\/categories?post=4366"},{"taxonomy":"post_tag","embeddable":true,"href":"http:\/\/blogg.varldenidag.se\/musik\/wp-json\/wp\/v2\/tags?post=4366"}],"curies":[{"name":"wp","href":"https:\/\/api.w.org\/{rel}","templated":true}]}}