{"id":4356,"date":"2019-10-16T00:57:20","date_gmt":"2019-10-15T22:57:20","guid":{"rendered":"http:\/\/blogg.varldenidag.se\/musik\/?p=4356"},"modified":"2019-10-02T12:53:12","modified_gmt":"2019-10-02T10:53:12","slug":"skona-sommarrytmer-fran-florida","status":"publish","type":"post","link":"http:\/\/blogg.varldenidag.se\/musik\/skona-sommarrytmer-fran-florida\/","title":{"rendered":"Sk\u00f6na sommarrytmer fr\u00e5n Florida"},"content":{"rendered":"<p>N\u00e4stintill \u00f6verallt tycks det f\u00f6r tillf\u00e4llet poppa upp lovs\u00e5ngsprojekt fr\u00e5n kyrkor &#8211; en stor f\u00f6rdel med den digitala teknikens int\u00e5g. Ett g\u00e4ng som g\u00e5r mot str\u00f6mmen rent musikaliskt \u00e4r Floridabaserade\u00a0<strong>Vous Worship\u00a0<\/strong>som p\u00e5 sin EP\u00a0<em>&#8221;Summer Sessions&#8221;\u00a0<\/em>bjuder p\u00e5 lovs\u00e5ng kl\u00e4dd i en sv\u00e4ngig sommarkostym.<\/p>\n<p>Deras\u00a0<em>&#8221;Most High&#8221;\u00a0<\/em>\u00e4r helt oemotst\u00e5ndlig och har g\u00e5tt p\u00e5 repeat i min och m\u00e5nga andras spellistor \u00e4nda sen releasen. Det sk\u00f6na, v\u00e4rmande soundet ger en ny upplevelse av lovs\u00e5ng och v\u00e4rmer vilken kylslagen h\u00f6stdag som helst. Sk\u00f6na rytmer utlovas!<\/p>\n<p><strong>Spotify-l\u00e4nk:\u00a0<\/strong><a href=\"https:\/\/open.spotify.com\/track\/0joQsQcQ8ZfMJzrdNrVBIX?si=i4y0a8jgQ4mgniW4bknS0g\">https:\/\/open.spotify.com\/track\/0joQsQcQ8ZfMJzrdNrVBIX?si=i4y0a8jgQ4mgniW4bknS0g<\/a><\/p>\n<div class=\"video-container\"><iframe loading=\"lazy\" title=\"Most High (Lyric Video) \u2014 VOUS Worship\" width=\"500\" height=\"281\" src=\"https:\/\/www.youtube.com\/embed\/ptRTQfHpOBM?feature=oembed\" frameborder=\"0\" allow=\"accelerometer; autoplay; clipboard-write; encrypted-media; gyroscope; picture-in-picture; web-share\" referrerpolicy=\"strict-origin-when-cross-origin\" allowfullscreen><\/iframe><\/div>\n<p>&nbsp;<\/p>\n","protected":false},"excerpt":{"rendered":"<p>N\u00e4stintill \u00f6verallt tycks det f\u00f6r tillf\u00e4llet poppa upp lovs\u00e5ngsprojekt fr\u00e5n kyrkor &#8211; en stor f\u00f6rdel med den digitala teknikens int\u00e5g. Ett g\u00e4ng som g\u00e5r mot str\u00f6mmen rent [&hellip;]<\/p>\n","protected":false},"author":15,"featured_media":0,"comment_status":"open","ping_status":"open","sticky":false,"template":"","format":"standard","meta":{"footnotes":"","_links_to":"","_links_to_target":""},"categories":[1],"tags":[],"class_list":["post-4356","post","type-post","status-publish","format-standard","hentry","category-musik"],"_links":{"self":[{"href":"http:\/\/blogg.varldenidag.se\/musik\/wp-json\/wp\/v2\/posts\/4356","targetHints":{"allow":["GET"]}}],"collection":[{"href":"http:\/\/blogg.varldenidag.se\/musik\/wp-json\/wp\/v2\/posts"}],"about":[{"href":"http:\/\/blogg.varldenidag.se\/musik\/wp-json\/wp\/v2\/types\/post"}],"author":[{"embeddable":true,"href":"http:\/\/blogg.varldenidag.se\/musik\/wp-json\/wp\/v2\/users\/15"}],"replies":[{"embeddable":true,"href":"http:\/\/blogg.varldenidag.se\/musik\/wp-json\/wp\/v2\/comments?post=4356"}],"version-history":[{"count":2,"href":"http:\/\/blogg.varldenidag.se\/musik\/wp-json\/wp\/v2\/posts\/4356\/revisions"}],"predecessor-version":[{"id":4395,"href":"http:\/\/blogg.varldenidag.se\/musik\/wp-json\/wp\/v2\/posts\/4356\/revisions\/4395"}],"wp:attachment":[{"href":"http:\/\/blogg.varldenidag.se\/musik\/wp-json\/wp\/v2\/media?parent=4356"}],"wp:term":[{"taxonomy":"category","embeddable":true,"href":"http:\/\/blogg.varldenidag.se\/musik\/wp-json\/wp\/v2\/categories?post=4356"},{"taxonomy":"post_tag","embeddable":true,"href":"http:\/\/blogg.varldenidag.se\/musik\/wp-json\/wp\/v2\/tags?post=4356"}],"curies":[{"name":"wp","href":"https:\/\/api.w.org\/{rel}","templated":true}]}}