{"id":4347,"date":"2019-10-08T00:29:02","date_gmt":"2019-10-07T22:29:02","guid":{"rendered":"http:\/\/blogg.varldenidag.se\/musik\/?p=4347"},"modified":"2019-10-02T12:55:16","modified_gmt":"2019-10-02T10:55:16","slug":"lovsangsklassiker-i-2019-ars-kostym","status":"publish","type":"post","link":"http:\/\/blogg.varldenidag.se\/musik\/lovsangsklassiker-i-2019-ars-kostym\/","title":{"rendered":"Lovs\u00e5ngsklassiker i 2019 \u00e5rs kostym"},"content":{"rendered":"<p>F\u00f6rra \u00e5ret tog Nashvillegruppen\u00a0<strong>Local Sound\u00a0<\/strong>oss med storm med sina hotellversioner av bland annat deras makal\u00f6sa, t\u00e5rdrypande ballad\u00a0<em>&#8221;Shepherd&#8221;<\/em>och visade samtidigt ett betydligt bredare sound \u00e4n de elektrost\u00f6pta l\u00e5tar de vanligtvis brukar bjuda p\u00e5.<\/p>\n<p>Nu har gruppen sl\u00e4ppt ett nytt projekt, EP:n\u00a0<em>&#8221;Sunday School&#8221;.\u00a0<\/em>Det hela \u00e4r en sorts hyllning till deras egna uppv\u00e4xt inom kyrkan och inte minst s\u00f6ndagsskolan och den musik som d\u00e5 spelades. EP:n \u00e4r en f\u00e4rd l\u00e4ngs med memory lane d\u00e4r de tar med oss tillbaka i tiden genom l\u00e5tar som\u00a0<em>&#8221;I Could Sing Of Your Love Forever&#8221;, &#8221;Shout To The Lord&#8221;\u00a0<\/em>och\u00a0<em>&#8221;Open The Eyes Of My Heart&#8221;.\u00a0<\/em>Mest p\u00e5tagligt \u00e4r att\u00a0<strong>Local Sound\u00a0<\/strong>lyckas ta lovs\u00e5ngerna och g\u00f6ra dom h\u00f6gaktuella 2019 genom ett modernt, uppdaterat sound. Vem hade trott att vi p\u00e5 nytt skulle sjunga med till dessa lovs\u00e5nger i \u00e5r? Resultatet: superbra!<\/p>\n<p><strong>Spotify-l\u00e4nk:\u00a0<\/strong><a href=\"https:\/\/open.spotify.com\/track\/1CSOr6YPL4aLBKmwcrvGEp?si=-vu3I-yySYqUDtU2t1nuwQ\">https:\/\/open.spotify.com\/track\/1CSOr6YPL4aLBKmwcrvGEp?si=-vu3I-yySYqUDtU2t1nuwQ<\/a><\/p>\n<div class=\"video-container\"><iframe loading=\"lazy\" title=\"Local Sound - Shout to the Lord (Official Lyric Video)\" width=\"500\" height=\"281\" src=\"https:\/\/www.youtube.com\/embed\/wqnKhuxAoQo?feature=oembed\" frameborder=\"0\" allow=\"accelerometer; autoplay; clipboard-write; encrypted-media; gyroscope; picture-in-picture; web-share\" referrerpolicy=\"strict-origin-when-cross-origin\" allowfullscreen><\/iframe><\/div>\n<p>&nbsp;<\/p>\n<p>&nbsp;<\/p>\n<p>&nbsp;<\/p>\n","protected":false},"excerpt":{"rendered":"<p>F\u00f6rra \u00e5ret tog Nashvillegruppen\u00a0Local Sound\u00a0oss med storm med sina hotellversioner av bland annat deras makal\u00f6sa, t\u00e5rdrypande ballad\u00a0&#8221;Shepherd&#8221;och visade samtidigt ett betydligt bredare sound \u00e4n de elektrost\u00f6pta l\u00e5tar [&hellip;]<\/p>\n","protected":false},"author":15,"featured_media":0,"comment_status":"open","ping_status":"open","sticky":false,"template":"","format":"standard","meta":{"footnotes":"","_links_to":"","_links_to_target":""},"categories":[1],"tags":[],"class_list":["post-4347","post","type-post","status-publish","format-standard","hentry","category-musik"],"_links":{"self":[{"href":"http:\/\/blogg.varldenidag.se\/musik\/wp-json\/wp\/v2\/posts\/4347","targetHints":{"allow":["GET"]}}],"collection":[{"href":"http:\/\/blogg.varldenidag.se\/musik\/wp-json\/wp\/v2\/posts"}],"about":[{"href":"http:\/\/blogg.varldenidag.se\/musik\/wp-json\/wp\/v2\/types\/post"}],"author":[{"embeddable":true,"href":"http:\/\/blogg.varldenidag.se\/musik\/wp-json\/wp\/v2\/users\/15"}],"replies":[{"embeddable":true,"href":"http:\/\/blogg.varldenidag.se\/musik\/wp-json\/wp\/v2\/comments?post=4347"}],"version-history":[{"count":2,"href":"http:\/\/blogg.varldenidag.se\/musik\/wp-json\/wp\/v2\/posts\/4347\/revisions"}],"predecessor-version":[{"id":4399,"href":"http:\/\/blogg.varldenidag.se\/musik\/wp-json\/wp\/v2\/posts\/4347\/revisions\/4399"}],"wp:attachment":[{"href":"http:\/\/blogg.varldenidag.se\/musik\/wp-json\/wp\/v2\/media?parent=4347"}],"wp:term":[{"taxonomy":"category","embeddable":true,"href":"http:\/\/blogg.varldenidag.se\/musik\/wp-json\/wp\/v2\/categories?post=4347"},{"taxonomy":"post_tag","embeddable":true,"href":"http:\/\/blogg.varldenidag.se\/musik\/wp-json\/wp\/v2\/tags?post=4347"}],"curies":[{"name":"wp","href":"https:\/\/api.w.org\/{rel}","templated":true}]}}