{"id":4209,"date":"2019-05-09T00:10:16","date_gmt":"2019-05-08T22:10:16","guid":{"rendered":"http:\/\/blogg.varldenidag.se\/musik\/?p=4209"},"modified":"2019-04-24T23:11:54","modified_gmt":"2019-04-24T21:11:54","slug":"var-rockigaste-spellista","status":"publish","type":"post","link":"http:\/\/blogg.varldenidag.se\/musik\/var-rockigaste-spellista\/","title":{"rendered":"V\u00e5r rockigaste spellista!"},"content":{"rendered":"<p><strong>Vibe Rocket\u00a0<\/strong>\u00e4r v\u00e5r rockigaste spellista &#8211; h\u00e4r samlar vi den b\u00e4sta rocken s\u00e5 snart den sl\u00e4pps. Stor chans att uppt\u00e4cka nya favoriter utlovas!<\/p>\n<p>F\u00f6lj\u00a0<strong>Soundshine\u00a0<\/strong>p\u00e5 Spotify f\u00f6r en v\u00e4rld av spellistor!<\/p>\n<p>&nbsp;<\/p>\n<div class=\"video-container\"><iframe title=\"Spotify Embed: Vibe Rocket\" style=\"border-radius: 12px\" width=\"100%\" height=\"352\" frameborder=\"0\" allowfullscreen allow=\"autoplay; clipboard-write; encrypted-media; fullscreen; picture-in-picture\" loading=\"lazy\" src=\"https:\/\/open.spotify.com\/embed\/playlist\/1VIJ49P5h36qXtnOlhtOD4?si=1dLscUyNSiGTzs733R3zew&#038;utm_source=oembed\"><\/iframe><\/div>\n","protected":false},"excerpt":{"rendered":"<p>Vibe Rocket\u00a0\u00e4r v\u00e5r rockigaste spellista &#8211; h\u00e4r samlar vi den b\u00e4sta rocken s\u00e5 snart den sl\u00e4pps. Stor chans att uppt\u00e4cka nya favoriter utlovas! F\u00f6lj\u00a0Soundshine\u00a0p\u00e5 Spotify f\u00f6r en [&hellip;]<\/p>\n","protected":false},"author":15,"featured_media":0,"comment_status":"open","ping_status":"open","sticky":false,"template":"","format":"standard","meta":{"footnotes":"","_links_to":"","_links_to_target":""},"categories":[1],"tags":[],"class_list":["post-4209","post","type-post","status-publish","format-standard","hentry","category-musik"],"_links":{"self":[{"href":"http:\/\/blogg.varldenidag.se\/musik\/wp-json\/wp\/v2\/posts\/4209","targetHints":{"allow":["GET"]}}],"collection":[{"href":"http:\/\/blogg.varldenidag.se\/musik\/wp-json\/wp\/v2\/posts"}],"about":[{"href":"http:\/\/blogg.varldenidag.se\/musik\/wp-json\/wp\/v2\/types\/post"}],"author":[{"embeddable":true,"href":"http:\/\/blogg.varldenidag.se\/musik\/wp-json\/wp\/v2\/users\/15"}],"replies":[{"embeddable":true,"href":"http:\/\/blogg.varldenidag.se\/musik\/wp-json\/wp\/v2\/comments?post=4209"}],"version-history":[{"count":1,"href":"http:\/\/blogg.varldenidag.se\/musik\/wp-json\/wp\/v2\/posts\/4209\/revisions"}],"predecessor-version":[{"id":4210,"href":"http:\/\/blogg.varldenidag.se\/musik\/wp-json\/wp\/v2\/posts\/4209\/revisions\/4210"}],"wp:attachment":[{"href":"http:\/\/blogg.varldenidag.se\/musik\/wp-json\/wp\/v2\/media?parent=4209"}],"wp:term":[{"taxonomy":"category","embeddable":true,"href":"http:\/\/blogg.varldenidag.se\/musik\/wp-json\/wp\/v2\/categories?post=4209"},{"taxonomy":"post_tag","embeddable":true,"href":"http:\/\/blogg.varldenidag.se\/musik\/wp-json\/wp\/v2\/tags?post=4209"}],"curies":[{"name":"wp","href":"https:\/\/api.w.org\/{rel}","templated":true}]}}