{"id":4147,"date":"2019-04-13T00:04:16","date_gmt":"2019-04-12T22:04:16","guid":{"rendered":"http:\/\/blogg.varldenidag.se\/musik\/?p=4147"},"modified":"2019-04-01T22:05:20","modified_gmt":"2019-04-01T20:05:20","slug":"maktig-lovsang-pa-helt-nytt-satt","status":"publish","type":"post","link":"http:\/\/blogg.varldenidag.se\/musik\/maktig-lovsang-pa-helt-nytt-satt\/","title":{"rendered":"M\u00e4ktig lovs\u00e5ng &#8211; p\u00e5 helt nytt s\u00e4tt"},"content":{"rendered":"<div>N\u00e4r <b>Housefires <\/b>sl\u00e4ppte lovs\u00e5ngen <i>&#8221;Build my life&#8221; <\/i>visste de knappast vilken spridning den skulle komma att f\u00e5. Men l\u00e5ten fick snabbt spridning \u00f6ver hela v\u00e4rlden och har sedan dess tolkats i m\u00e5nga olika former, av b\u00e5de k\u00e4nda artister som <b>Michael W. Smith <\/b>som mindre k\u00e4nda, och \u00e4ven f\u00f6r\u00e4rats en svensk \u00f6vers\u00e4ttning.<\/div>\n<div><\/div>\n<div>Men gruppen <b>Binley <\/b>tar l\u00e5ten till en helt ny dimension n\u00e4r de tolkar den. F\u00f6r borta \u00e4r den lugna lovs\u00e5ngen; ist\u00e4llet \u00e4r det en mjuk danceversion med en riktigt snygg produktion som de arbetat om den till. Men mitt i de snygga arrangemangen som g\u00f6r l\u00e5ten v\u00e4ldigt v\u00e4llyssnat finns hela grunden och budskapet med lovs\u00e5ngen kvar &#8211; det blir bara p\u00e5 ett helt nytt s\u00e4tt.<\/div>\n<div><\/div>\n<div>Det \u00e4r precis det som <b>Binley <\/b>brinner mycket f\u00f6r; att lyfta fram ofta lugna och avskalade lovs\u00e5nger i mer av ett &#8221;partyfodral&#8221;. S\u00e5h\u00e4r har du troligtvis aldrig h\u00f6rt <i>&#8221;Build my life&#8221; <\/i>tidigare, men vi lovar &#8211; det l\u00e5ter riktigt bra.<\/div>\n<div><\/div>\n<div><b>Spotify-l\u00e4nk:\u00a0<a id=\"LPlnk581652\" href=\"https:\/\/open.spotify.com\/track\/1PxNgZHN0UeLCKlQteAvED?si=klnBDMgCQQGFrMc2I26w9w\">https:\/\/open.spotify.com\/track\/1PxNgZHN0UeLCKlQteAvED?si=klnBDMgCQQGFrMc2I26w9w<\/a><\/b><\/div>\n<p>&nbsp;<\/p>\n<div class=\"video-container\"><iframe loading=\"lazy\" title=\"Build My Life (Reimagined) - Pat Barrett Cover by Binley\" width=\"500\" height=\"281\" src=\"https:\/\/www.youtube.com\/embed\/_oFPUJgwn50?feature=oembed\" frameborder=\"0\" allow=\"accelerometer; autoplay; clipboard-write; encrypted-media; gyroscope; picture-in-picture; web-share\" referrerpolicy=\"strict-origin-when-cross-origin\" allowfullscreen><\/iframe><\/div>\n","protected":false},"excerpt":{"rendered":"<p>N\u00e4r Housefires sl\u00e4ppte lovs\u00e5ngen &#8221;Build my life&#8221; visste de knappast vilken spridning den skulle komma att f\u00e5. Men l\u00e5ten fick snabbt spridning \u00f6ver hela v\u00e4rlden och har [&hellip;]<\/p>\n","protected":false},"author":15,"featured_media":0,"comment_status":"open","ping_status":"open","sticky":false,"template":"","format":"standard","meta":{"footnotes":"","_links_to":"","_links_to_target":""},"categories":[1],"tags":[],"class_list":["post-4147","post","type-post","status-publish","format-standard","hentry","category-musik"],"_links":{"self":[{"href":"http:\/\/blogg.varldenidag.se\/musik\/wp-json\/wp\/v2\/posts\/4147","targetHints":{"allow":["GET"]}}],"collection":[{"href":"http:\/\/blogg.varldenidag.se\/musik\/wp-json\/wp\/v2\/posts"}],"about":[{"href":"http:\/\/blogg.varldenidag.se\/musik\/wp-json\/wp\/v2\/types\/post"}],"author":[{"embeddable":true,"href":"http:\/\/blogg.varldenidag.se\/musik\/wp-json\/wp\/v2\/users\/15"}],"replies":[{"embeddable":true,"href":"http:\/\/blogg.varldenidag.se\/musik\/wp-json\/wp\/v2\/comments?post=4147"}],"version-history":[{"count":1,"href":"http:\/\/blogg.varldenidag.se\/musik\/wp-json\/wp\/v2\/posts\/4147\/revisions"}],"predecessor-version":[{"id":4148,"href":"http:\/\/blogg.varldenidag.se\/musik\/wp-json\/wp\/v2\/posts\/4147\/revisions\/4148"}],"wp:attachment":[{"href":"http:\/\/blogg.varldenidag.se\/musik\/wp-json\/wp\/v2\/media?parent=4147"}],"wp:term":[{"taxonomy":"category","embeddable":true,"href":"http:\/\/blogg.varldenidag.se\/musik\/wp-json\/wp\/v2\/categories?post=4147"},{"taxonomy":"post_tag","embeddable":true,"href":"http:\/\/blogg.varldenidag.se\/musik\/wp-json\/wp\/v2\/tags?post=4147"}],"curies":[{"name":"wp","href":"https:\/\/api.w.org\/{rel}","templated":true}]}}