{"id":4143,"date":"2019-04-11T00:42:17","date_gmt":"2019-04-10T22:42:17","guid":{"rendered":"http:\/\/blogg.varldenidag.se\/musik\/?p=4143"},"modified":"2019-04-01T22:00:50","modified_gmt":"2019-04-01T20:00:50","slug":"unspoken-far-varen-att-svanga","status":"publish","type":"post","link":"http:\/\/blogg.varldenidag.se\/musik\/unspoken-far-varen-att-svanga\/","title":{"rendered":"Unspoken f\u00e5r v\u00e5ren att sv\u00e4nga"},"content":{"rendered":"<p>En ny l\u00e5t fr\u00e5n amerikanska\u00a0<strong>Unspoken\u00a0<\/strong>resulterar allt som oftast i ett nytt inl\u00e4gg p\u00e5 den h\u00e4r bloggen. F\u00f6r bandet har en sm\u00e5tt lysande f\u00f6rm\u00e5ga att alltid pricka r\u00e4tt med sina l\u00e5tar, n\u00e5got som brukar f\u00e5 b\u00e5de radiostationer och topplistor att jubla. L\u00e5tarna \u00e4r i princip alltid av typen &#8221;fastnar l\u00e4tt i dina spellistor&#8221;, men med nya\u00a0<em>&#8221;The Reason&#8221;\u00a0<\/em>har bandet lagt in en extra dos av sv\u00e4ng och multiplicerat det med tv\u00e5. Slutprodukten blir en l\u00e5t som kommer f\u00e5 dina ben att inte vilja st\u00e5 stilla och som f\u00e5r v\u00e5ren att sv\u00e4nga lite extra. S\u00e5 vi g\u00f6r som vi brukar &#8211; utf\u00e4rdar en rej\u00e4l hitvarning!<\/p>\n<p><strong>Spotify-l\u00e4nk:\u00a0<\/strong>https:\/\/open.spotify.com\/track\/02GmO6MMtnh77QXRM4TqIn?si=jXQ4MuzKRPCpTpeCDgFmOg<\/p>\n<div class=\"video-container\"><iframe loading=\"lazy\" title=\"Unspoken - Reason (Official Lyric Video)\" width=\"500\" height=\"281\" src=\"https:\/\/www.youtube.com\/embed\/wB_H7LJsVcI?feature=oembed\" frameborder=\"0\" allow=\"accelerometer; autoplay; clipboard-write; encrypted-media; gyroscope; picture-in-picture; web-share\" referrerpolicy=\"strict-origin-when-cross-origin\" allowfullscreen><\/iframe><\/div>\n<p>&nbsp;<\/p>\n","protected":false},"excerpt":{"rendered":"<p>En ny l\u00e5t fr\u00e5n amerikanska\u00a0Unspoken\u00a0resulterar allt som oftast i ett nytt inl\u00e4gg p\u00e5 den h\u00e4r bloggen. F\u00f6r bandet har en sm\u00e5tt lysande f\u00f6rm\u00e5ga att alltid pricka r\u00e4tt [&hellip;]<\/p>\n","protected":false},"author":15,"featured_media":0,"comment_status":"open","ping_status":"open","sticky":false,"template":"","format":"standard","meta":{"footnotes":"","_links_to":"","_links_to_target":""},"categories":[1],"tags":[],"class_list":["post-4143","post","type-post","status-publish","format-standard","hentry","category-musik"],"_links":{"self":[{"href":"http:\/\/blogg.varldenidag.se\/musik\/wp-json\/wp\/v2\/posts\/4143","targetHints":{"allow":["GET"]}}],"collection":[{"href":"http:\/\/blogg.varldenidag.se\/musik\/wp-json\/wp\/v2\/posts"}],"about":[{"href":"http:\/\/blogg.varldenidag.se\/musik\/wp-json\/wp\/v2\/types\/post"}],"author":[{"embeddable":true,"href":"http:\/\/blogg.varldenidag.se\/musik\/wp-json\/wp\/v2\/users\/15"}],"replies":[{"embeddable":true,"href":"http:\/\/blogg.varldenidag.se\/musik\/wp-json\/wp\/v2\/comments?post=4143"}],"version-history":[{"count":1,"href":"http:\/\/blogg.varldenidag.se\/musik\/wp-json\/wp\/v2\/posts\/4143\/revisions"}],"predecessor-version":[{"id":4144,"href":"http:\/\/blogg.varldenidag.se\/musik\/wp-json\/wp\/v2\/posts\/4143\/revisions\/4144"}],"wp:attachment":[{"href":"http:\/\/blogg.varldenidag.se\/musik\/wp-json\/wp\/v2\/media?parent=4143"}],"wp:term":[{"taxonomy":"category","embeddable":true,"href":"http:\/\/blogg.varldenidag.se\/musik\/wp-json\/wp\/v2\/categories?post=4143"},{"taxonomy":"post_tag","embeddable":true,"href":"http:\/\/blogg.varldenidag.se\/musik\/wp-json\/wp\/v2\/tags?post=4143"}],"curies":[{"name":"wp","href":"https:\/\/api.w.org\/{rel}","templated":true}]}}