{"id":4094,"date":"2019-03-12T00:15:15","date_gmt":"2019-03-11T23:15:15","guid":{"rendered":"http:\/\/blogg.varldenidag.se\/musik\/?p=4094"},"modified":"2019-03-04T17:52:33","modified_gmt":"2019-03-04T16:52:33","slug":"edm-direkt-fran-portugal","status":"publish","type":"post","link":"http:\/\/blogg.varldenidag.se\/musik\/edm-direkt-fran-portugal\/","title":{"rendered":"EDM direkt fr\u00e5n Portugal"},"content":{"rendered":"<p>Dags att h\u00f6ja volymen och g\u00f6ra dig redo f\u00f6r dans!\u00a0<strong>Gui Brazil\u00a0<\/strong>\u00e4r n\u00e4mligen namnet p\u00e5 ett av de allra st\u00f6rsta framtidsnamnen p\u00e5 den kristna dance- och EDM-scenen f\u00f6r tillf\u00e4llet.<\/p>\n<p>Portugisen briljerar totalt i sin grymma danced\u00e4nga\u00a0<em>&#8221;Northern Lights&#8221;\u00a0<\/em>d\u00e4r han dessutom f\u00e5r stark draghj\u00e4lp fr\u00e5n Englands DJ-ess\u00a0<strong>Galactus Jack\u00a0<\/strong>och\u00a0<strong>LZ7.\u00a0<\/strong>Tillsammans skapar de en av de allra b\u00e4sta EDM-l\u00e5tarna f\u00f6r tillf\u00e4llet. H\u00f6g klass och sk\u00f6na beats utlovas!<\/p>\n<p><b>Spotify-l\u00e4nk: <\/b>https:\/\/open.spotify.com\/track\/0genv3YPSq1hsZhB2Xw9f3?si=Z0Lj7CwiSV2ZPxa7ktDNRw<\/p>\n<div class=\"video-container\"><iframe loading=\"lazy\" title=\"Gui Brazil, Galactus Jack feat. LZ7 - Northern Lights (Lyric Video)\" width=\"500\" height=\"281\" src=\"https:\/\/www.youtube.com\/embed\/OhF_F9BUkWU?feature=oembed\" frameborder=\"0\" allow=\"accelerometer; autoplay; clipboard-write; encrypted-media; gyroscope; picture-in-picture; web-share\" referrerpolicy=\"strict-origin-when-cross-origin\" allowfullscreen><\/iframe><\/div>\n","protected":false},"excerpt":{"rendered":"<p>Dags att h\u00f6ja volymen och g\u00f6ra dig redo f\u00f6r dans!\u00a0Gui Brazil\u00a0\u00e4r n\u00e4mligen namnet p\u00e5 ett av de allra st\u00f6rsta framtidsnamnen p\u00e5 den kristna dance- och EDM-scenen f\u00f6r [&hellip;]<\/p>\n","protected":false},"author":15,"featured_media":0,"comment_status":"open","ping_status":"open","sticky":false,"template":"","format":"standard","meta":{"footnotes":"","_links_to":"","_links_to_target":""},"categories":[1],"tags":[],"class_list":["post-4094","post","type-post","status-publish","format-standard","hentry","category-musik"],"_links":{"self":[{"href":"http:\/\/blogg.varldenidag.se\/musik\/wp-json\/wp\/v2\/posts\/4094","targetHints":{"allow":["GET"]}}],"collection":[{"href":"http:\/\/blogg.varldenidag.se\/musik\/wp-json\/wp\/v2\/posts"}],"about":[{"href":"http:\/\/blogg.varldenidag.se\/musik\/wp-json\/wp\/v2\/types\/post"}],"author":[{"embeddable":true,"href":"http:\/\/blogg.varldenidag.se\/musik\/wp-json\/wp\/v2\/users\/15"}],"replies":[{"embeddable":true,"href":"http:\/\/blogg.varldenidag.se\/musik\/wp-json\/wp\/v2\/comments?post=4094"}],"version-history":[{"count":1,"href":"http:\/\/blogg.varldenidag.se\/musik\/wp-json\/wp\/v2\/posts\/4094\/revisions"}],"predecessor-version":[{"id":4095,"href":"http:\/\/blogg.varldenidag.se\/musik\/wp-json\/wp\/v2\/posts\/4094\/revisions\/4095"}],"wp:attachment":[{"href":"http:\/\/blogg.varldenidag.se\/musik\/wp-json\/wp\/v2\/media?parent=4094"}],"wp:term":[{"taxonomy":"category","embeddable":true,"href":"http:\/\/blogg.varldenidag.se\/musik\/wp-json\/wp\/v2\/categories?post=4094"},{"taxonomy":"post_tag","embeddable":true,"href":"http:\/\/blogg.varldenidag.se\/musik\/wp-json\/wp\/v2\/tags?post=4094"}],"curies":[{"name":"wp","href":"https:\/\/api.w.org\/{rel}","templated":true}]}}