{"id":4065,"date":"2019-02-13T00:12:09","date_gmt":"2019-02-12T23:12:09","guid":{"rendered":"http:\/\/blogg.varldenidag.se\/musik\/?p=4065"},"modified":"2019-01-29T21:12:25","modified_gmt":"2019-01-29T20:12:25","slug":"fullt-os-med-bremnes","status":"publish","type":"post","link":"http:\/\/blogg.varldenidag.se\/musik\/fullt-os-med-bremnes\/","title":{"rendered":"Fullt \u00f6s med Bremnes"},"content":{"rendered":"<p>Kanadab\u00f6rdige\u00a0<strong>Dan Bremnes\u00a0<\/strong>l\u00e4mnade hemlandet f\u00f6r att satsa p\u00e5 musik i den kristna musikens hemstad Nashville. Och det l\u00f6nade sig, f\u00f6r d\u00e4r b\u00e4rgade han ett skivkontrakt med Sparrow Records och ifjol sl\u00e4ppte 35-\u00e5rngen andra plattan i ordningen:\u00a0<em>&#8221;Wherever I go&#8221;.\u00a0<\/em><\/p>\n<p>Men <strong>Dan Bremnes <\/strong>forts\u00e4tter sl\u00e4ppa musik &#8211; nu i form av sin energiska popr\u00f6kare <em>&#8221;Thunder&#8221;. <\/em>Det blixtrar av fullt \u00f6s fr\u00e5n b\u00f6rjan, det \u00e4r klistrande och det \u00e4r stor hitk\u00e4nsla n\u00e4r han l\u00e5ter som n\u00e5got som\u00a0<strong>MercyMe\u00a0<\/strong>kunnat skapa i sina gladaste och mest poppiga stunder. Hitvarning!<\/p>\n<p><strong>Spotify-l\u00e4nk:\u00a0<\/strong>https:\/\/open.spotify.com\/track\/6IJ7OMLZ5AUGUfbbT4HOLN?si=OUI9Ny-YSFC1DJTrTitPfQ<\/p>\n<div class=\"video-container\"><iframe loading=\"lazy\" title=\"Dan Bremnes - Thunder (Official Music Video)\" width=\"500\" height=\"281\" src=\"https:\/\/www.youtube.com\/embed\/XnkcgwephNU?feature=oembed\" frameborder=\"0\" allow=\"accelerometer; autoplay; clipboard-write; encrypted-media; gyroscope; picture-in-picture; web-share\" referrerpolicy=\"strict-origin-when-cross-origin\" allowfullscreen><\/iframe><\/div>\n","protected":false},"excerpt":{"rendered":"<p>Kanadab\u00f6rdige\u00a0Dan Bremnes\u00a0l\u00e4mnade hemlandet f\u00f6r att satsa p\u00e5 musik i den kristna musikens hemstad Nashville. Och det l\u00f6nade sig, f\u00f6r d\u00e4r b\u00e4rgade han ett skivkontrakt med Sparrow Records [&hellip;]<\/p>\n","protected":false},"author":15,"featured_media":0,"comment_status":"open","ping_status":"open","sticky":false,"template":"","format":"standard","meta":{"footnotes":"","_links_to":"","_links_to_target":""},"categories":[1],"tags":[],"class_list":["post-4065","post","type-post","status-publish","format-standard","hentry","category-musik"],"_links":{"self":[{"href":"http:\/\/blogg.varldenidag.se\/musik\/wp-json\/wp\/v2\/posts\/4065","targetHints":{"allow":["GET"]}}],"collection":[{"href":"http:\/\/blogg.varldenidag.se\/musik\/wp-json\/wp\/v2\/posts"}],"about":[{"href":"http:\/\/blogg.varldenidag.se\/musik\/wp-json\/wp\/v2\/types\/post"}],"author":[{"embeddable":true,"href":"http:\/\/blogg.varldenidag.se\/musik\/wp-json\/wp\/v2\/users\/15"}],"replies":[{"embeddable":true,"href":"http:\/\/blogg.varldenidag.se\/musik\/wp-json\/wp\/v2\/comments?post=4065"}],"version-history":[{"count":1,"href":"http:\/\/blogg.varldenidag.se\/musik\/wp-json\/wp\/v2\/posts\/4065\/revisions"}],"predecessor-version":[{"id":4066,"href":"http:\/\/blogg.varldenidag.se\/musik\/wp-json\/wp\/v2\/posts\/4065\/revisions\/4066"}],"wp:attachment":[{"href":"http:\/\/blogg.varldenidag.se\/musik\/wp-json\/wp\/v2\/media?parent=4065"}],"wp:term":[{"taxonomy":"category","embeddable":true,"href":"http:\/\/blogg.varldenidag.se\/musik\/wp-json\/wp\/v2\/categories?post=4065"},{"taxonomy":"post_tag","embeddable":true,"href":"http:\/\/blogg.varldenidag.se\/musik\/wp-json\/wp\/v2\/tags?post=4065"}],"curies":[{"name":"wp","href":"https:\/\/api.w.org\/{rel}","templated":true}]}}