{"id":4058,"date":"2019-02-07T00:40:37","date_gmt":"2019-02-06T23:40:37","guid":{"rendered":"http:\/\/blogg.varldenidag.se\/musik\/?p=4058"},"modified":"2019-01-29T20:43:40","modified_gmt":"2019-01-29T19:43:40","slug":"popkaramell-fran-orebr0","status":"publish","type":"post","link":"http:\/\/blogg.varldenidag.se\/musik\/popkaramell-fran-orebr0\/","title":{"rendered":"Popkaramell fr\u00e5n \u00d6rebro"},"content":{"rendered":"<p>Det kommer mycket sp\u00e4nnande svensk musik f\u00f6r tillf\u00e4llet. En av dom som f\u00e5r v\u00e5ra spellistor att trivas riktigt bra just nu \u00e4r \u00f6rebroaren\u00a0<strong>Mats Dern\u00e1nd.\u00a0<\/strong>Han har redan skapat sig ett namn hemma i \u00d6rebro d\u00e5 hans l\u00e5t\u00a0<em>&#8221;Solid ground&#8221;\u00a0<\/em>var en av P4 \u00d6rebroas mest spelade l\u00e5tar av en lokal artist &#8211; trots att den har ett kristet budskap.<\/p>\n<p>Med nya singeln\u00a0<em>&#8221;She&#8217;s called grace&#8221;\u00a0<\/em>vill\u00a0<strong>Mats\u00a0<\/strong>sikta \u00e4nnu h\u00f6gre &#8211; och med det h\u00e4r soundet blir vi inte f\u00f6rv\u00e5nade om han lyckas.\u00a0<em>&#8221;She&#8217;s called grace&#8221;\u00a0<\/em>\u00e4r en popkaramell som s\u00e4tter sig i huvudet med b\u00e5de falsetts\u00e5ng och lite 80-talsk\u00e4nsla.<\/p>\n<p>Sj\u00e4lv beskriver han att han i l\u00e5ten beskriver n\u00e5den &#8221;som en person som viskar f\u00f6rl\u00e5telse i ditt \u00f6ra innan du vaknar &#8211; n\u00e4r solen g\u00e5r upp och en ny dag f\u00f6ds blir ocks\u00e5 vi nya skapelser genom n\u00e5den&#8221; . Bra, eller hur?<\/p>\n<p><strong>Spotify-l\u00e4nk:\u00a0<\/strong>https:\/\/open.spotify.com\/track\/4PDdXJA7W4miu3ZwHYqccO?si=6QHuq90vRraq9DawPmqVVg<\/p>\n<div class=\"video-container\"><iframe loading=\"lazy\" title=\"She&#039;s Called Grace\" width=\"500\" height=\"375\" src=\"https:\/\/www.youtube.com\/embed\/pCOgwPAGt2Q?feature=oembed\" frameborder=\"0\" allow=\"accelerometer; autoplay; clipboard-write; encrypted-media; gyroscope; picture-in-picture; web-share\" referrerpolicy=\"strict-origin-when-cross-origin\" allowfullscreen><\/iframe><\/div>\n","protected":false},"excerpt":{"rendered":"<p>Det kommer mycket sp\u00e4nnande svensk musik f\u00f6r tillf\u00e4llet. En av dom som f\u00e5r v\u00e5ra spellistor att trivas riktigt bra just nu \u00e4r \u00f6rebroaren\u00a0Mats Dern\u00e1nd.\u00a0Han har redan skapat [&hellip;]<\/p>\n","protected":false},"author":15,"featured_media":0,"comment_status":"open","ping_status":"open","sticky":false,"template":"","format":"standard","meta":{"footnotes":"","_links_to":"","_links_to_target":""},"categories":[1],"tags":[],"class_list":["post-4058","post","type-post","status-publish","format-standard","hentry","category-musik"],"_links":{"self":[{"href":"http:\/\/blogg.varldenidag.se\/musik\/wp-json\/wp\/v2\/posts\/4058","targetHints":{"allow":["GET"]}}],"collection":[{"href":"http:\/\/blogg.varldenidag.se\/musik\/wp-json\/wp\/v2\/posts"}],"about":[{"href":"http:\/\/blogg.varldenidag.se\/musik\/wp-json\/wp\/v2\/types\/post"}],"author":[{"embeddable":true,"href":"http:\/\/blogg.varldenidag.se\/musik\/wp-json\/wp\/v2\/users\/15"}],"replies":[{"embeddable":true,"href":"http:\/\/blogg.varldenidag.se\/musik\/wp-json\/wp\/v2\/comments?post=4058"}],"version-history":[{"count":2,"href":"http:\/\/blogg.varldenidag.se\/musik\/wp-json\/wp\/v2\/posts\/4058\/revisions"}],"predecessor-version":[{"id":4060,"href":"http:\/\/blogg.varldenidag.se\/musik\/wp-json\/wp\/v2\/posts\/4058\/revisions\/4060"}],"wp:attachment":[{"href":"http:\/\/blogg.varldenidag.se\/musik\/wp-json\/wp\/v2\/media?parent=4058"}],"wp:term":[{"taxonomy":"category","embeddable":true,"href":"http:\/\/blogg.varldenidag.se\/musik\/wp-json\/wp\/v2\/categories?post=4058"},{"taxonomy":"post_tag","embeddable":true,"href":"http:\/\/blogg.varldenidag.se\/musik\/wp-json\/wp\/v2\/tags?post=4058"}],"curies":[{"name":"wp","href":"https:\/\/api.w.org\/{rel}","templated":true}]}}