{"id":4049,"date":"2019-01-23T00:48:32","date_gmt":"2019-01-22T23:48:32","guid":{"rendered":"http:\/\/blogg.varldenidag.se\/musik\/?p=4049"},"modified":"2019-01-15T21:48:49","modified_gmt":"2019-01-15T20:48:49","slug":"gor-arbetsdagen-lattare","status":"publish","type":"post","link":"http:\/\/blogg.varldenidag.se\/musik\/gor-arbetsdagen-lattare\/","title":{"rendered":"G\u00f6r arbetsdagen l\u00e4ttare!"},"content":{"rendered":"<p>Sitter du fast i v\u00e4xande h\u00f6gar p\u00e5 skrivbordet, tjatande chefer och alldeles f\u00f6r mycket att g\u00f6ra? Lugn. V\u00e5r spellista\u00a0<strong>Vibe @ Work\u00a0<\/strong>f\u00e5r arbetsdagen och f\u00e4rden mot helgen att g\u00e5 mycket snabbare! Vi har satt ihop en sk\u00f6n mix av 8 timmar musik, b\u00e5de nytt och gammalt, som f\u00e5r tiden att g\u00e5 bra mycket snabbare. Klicka bara p\u00e5 l\u00e4nken nedan &#8211; eller s\u00f6k p\u00e5\u00a0<strong>Soundshine\u00a0<\/strong>p\u00e5 Spotify d\u00e4r du hittar ett g\u00e4ng ytterligare spellistor. Vi h\u00f6rs!<\/p>\n<p><strong>Spotify-l\u00e4nk:\u00a0<\/strong>https:\/\/open.spotify.com\/user\/ik69lbz3bp6x9rfl5x29ofxkw\/playlist\/0tu9AbAibH3F9OShZtehyk?si=PVVVrvoWRRaR3MLbMlK1mA<\/p>\n<p><a href=\"https:\/\/glowingvibe.files.wordpress.com\/2018\/03\/vibeatwork.jpg\"><img loading=\"lazy\" decoding=\"async\" class=\"size-medium wp-image-2924 aligncenter\" src=\"https:\/\/glowingvibe.files.wordpress.com\/2018\/03\/vibeatwork.jpg?w=300\" alt=\"\" width=\"300\" height=\"200\" \/><\/a><\/p>\n","protected":false},"excerpt":{"rendered":"<p>Sitter du fast i v\u00e4xande h\u00f6gar p\u00e5 skrivbordet, tjatande chefer och alldeles f\u00f6r mycket att g\u00f6ra? Lugn. V\u00e5r spellista\u00a0Vibe @ Work\u00a0f\u00e5r arbetsdagen och f\u00e4rden mot helgen att [&hellip;]<\/p>\n","protected":false},"author":15,"featured_media":0,"comment_status":"open","ping_status":"open","sticky":false,"template":"","format":"standard","meta":{"footnotes":"","_links_to":"","_links_to_target":""},"categories":[1],"tags":[],"class_list":["post-4049","post","type-post","status-publish","format-standard","hentry","category-musik"],"_links":{"self":[{"href":"http:\/\/blogg.varldenidag.se\/musik\/wp-json\/wp\/v2\/posts\/4049","targetHints":{"allow":["GET"]}}],"collection":[{"href":"http:\/\/blogg.varldenidag.se\/musik\/wp-json\/wp\/v2\/posts"}],"about":[{"href":"http:\/\/blogg.varldenidag.se\/musik\/wp-json\/wp\/v2\/types\/post"}],"author":[{"embeddable":true,"href":"http:\/\/blogg.varldenidag.se\/musik\/wp-json\/wp\/v2\/users\/15"}],"replies":[{"embeddable":true,"href":"http:\/\/blogg.varldenidag.se\/musik\/wp-json\/wp\/v2\/comments?post=4049"}],"version-history":[{"count":1,"href":"http:\/\/blogg.varldenidag.se\/musik\/wp-json\/wp\/v2\/posts\/4049\/revisions"}],"predecessor-version":[{"id":4050,"href":"http:\/\/blogg.varldenidag.se\/musik\/wp-json\/wp\/v2\/posts\/4049\/revisions\/4050"}],"wp:attachment":[{"href":"http:\/\/blogg.varldenidag.se\/musik\/wp-json\/wp\/v2\/media?parent=4049"}],"wp:term":[{"taxonomy":"category","embeddable":true,"href":"http:\/\/blogg.varldenidag.se\/musik\/wp-json\/wp\/v2\/categories?post=4049"},{"taxonomy":"post_tag","embeddable":true,"href":"http:\/\/blogg.varldenidag.se\/musik\/wp-json\/wp\/v2\/tags?post=4049"}],"curies":[{"name":"wp","href":"https:\/\/api.w.org\/{rel}","templated":true}]}}