{"id":4045,"date":"2019-01-30T00:35:42","date_gmt":"2019-01-29T23:35:42","guid":{"rendered":"http:\/\/blogg.varldenidag.se\/musik\/?p=4045"},"modified":"2019-01-15T21:36:00","modified_gmt":"2019-01-15T20:36:00","slug":"farsk-lovsang-fran-england","status":"publish","type":"post","link":"http:\/\/blogg.varldenidag.se\/musik\/farsk-lovsang-fran-england\/","title":{"rendered":"F\u00e4rsk lovs\u00e5ng fr\u00e5n England"},"content":{"rendered":"<p>I engelska Birmingham bor\u00a0<strong>Luke\u00a0<\/strong>och\u00a0<strong>Anna Hellebronth\u00a0<\/strong>d\u00e4r de \u00e4r engagerade i\u00a0<strong>Worship Central\u00a0<\/strong>(k\u00e4nda bland annat f\u00f6r l\u00e5ten\u00a0<em>&#8221;Stir a passion&#8221;).\u00a0<\/em><strong>Luke\u00a0<\/strong>har tidigare haft en solokarri\u00e4r men har nu slagit sig ihop med sin fru och sl\u00e4pper musik under namnet\u00a0<strong>Luke + Anna Hellebronth.<\/strong><\/p>\n<p>Det vi f\u00e5tt h\u00f6ra s\u00e5h\u00e4r l\u00e5ngt b\u00e5dar riktigt gott inf\u00f6r det album som inom kort ska sl\u00e4ppas. Nya l\u00e5ten <em>&#8221;Up and alive&#8221; <\/em>\u00e4r en poppig, uptempolovs\u00e5ng med sk\u00f6na gitarriff och mycket k\u00e4nsla &#8211; en l\u00e5t som bland annat norrmannen <strong>David Andr\u00e9 \u00d6stby <\/strong>varit med och skrivit.<\/p>\n<p><em>&#8221;Up and alive&#8221; <\/em>har hittills f\u00e5tt ett varmt mottagande och var s\u00e5 s\u00e4kra &#8211; 2019 kommer mest troligt bli ett riktigt sp\u00e4nnande \u00e5r f\u00f6r dessa engelsm\u00e4n!<\/p>\n<p><strong>Spotify-l\u00e4nk:\u00a0<\/strong>https:\/\/open.spotify.com\/track\/5mZkeKJr9ueVPFaJxqa30A?si=erLIlGvrTsirSbRKWsNplg<\/p>\n<div class=\"video-container\"><iframe loading=\"lazy\" title=\"Luke + Anna Hellebronth - Up &amp; Alive (Official Music Video)\" width=\"500\" height=\"281\" src=\"https:\/\/www.youtube.com\/embed\/eELaapa5gu4?feature=oembed\" frameborder=\"0\" allow=\"accelerometer; autoplay; clipboard-write; encrypted-media; gyroscope; picture-in-picture; web-share\" referrerpolicy=\"strict-origin-when-cross-origin\" allowfullscreen><\/iframe><\/div>\n","protected":false},"excerpt":{"rendered":"<p>I engelska Birmingham bor\u00a0Luke\u00a0och\u00a0Anna Hellebronth\u00a0d\u00e4r de \u00e4r engagerade i\u00a0Worship Central\u00a0(k\u00e4nda bland annat f\u00f6r l\u00e5ten\u00a0&#8221;Stir a passion&#8221;).\u00a0Luke\u00a0har tidigare haft en solokarri\u00e4r men har nu slagit sig ihop med [&hellip;]<\/p>\n","protected":false},"author":15,"featured_media":0,"comment_status":"open","ping_status":"open","sticky":false,"template":"","format":"standard","meta":{"footnotes":"","_links_to":"","_links_to_target":""},"categories":[1],"tags":[],"class_list":["post-4045","post","type-post","status-publish","format-standard","hentry","category-musik"],"_links":{"self":[{"href":"http:\/\/blogg.varldenidag.se\/musik\/wp-json\/wp\/v2\/posts\/4045","targetHints":{"allow":["GET"]}}],"collection":[{"href":"http:\/\/blogg.varldenidag.se\/musik\/wp-json\/wp\/v2\/posts"}],"about":[{"href":"http:\/\/blogg.varldenidag.se\/musik\/wp-json\/wp\/v2\/types\/post"}],"author":[{"embeddable":true,"href":"http:\/\/blogg.varldenidag.se\/musik\/wp-json\/wp\/v2\/users\/15"}],"replies":[{"embeddable":true,"href":"http:\/\/blogg.varldenidag.se\/musik\/wp-json\/wp\/v2\/comments?post=4045"}],"version-history":[{"count":1,"href":"http:\/\/blogg.varldenidag.se\/musik\/wp-json\/wp\/v2\/posts\/4045\/revisions"}],"predecessor-version":[{"id":4046,"href":"http:\/\/blogg.varldenidag.se\/musik\/wp-json\/wp\/v2\/posts\/4045\/revisions\/4046"}],"wp:attachment":[{"href":"http:\/\/blogg.varldenidag.se\/musik\/wp-json\/wp\/v2\/media?parent=4045"}],"wp:term":[{"taxonomy":"category","embeddable":true,"href":"http:\/\/blogg.varldenidag.se\/musik\/wp-json\/wp\/v2\/categories?post=4045"},{"taxonomy":"post_tag","embeddable":true,"href":"http:\/\/blogg.varldenidag.se\/musik\/wp-json\/wp\/v2\/tags?post=4045"}],"curies":[{"name":"wp","href":"https:\/\/api.w.org\/{rel}","templated":true}]}}