{"id":4043,"date":"2019-01-28T00:22:26","date_gmt":"2019-01-27T23:22:26","guid":{"rendered":"http:\/\/blogg.varldenidag.se\/musik\/?p=4043"},"modified":"2019-01-15T21:22:55","modified_gmt":"2019-01-15T20:22:55","slug":"maktig-lovsang-fran-bethel","status":"publish","type":"post","link":"http:\/\/blogg.varldenidag.se\/musik\/maktig-lovsang-fran-bethel\/","title":{"rendered":"M\u00e4ktig lovs\u00e5ng fr\u00e5n Bethel"},"content":{"rendered":"<p>Den amerikanska j\u00e4ttekyrkan\u00a0<strong>Bethel\u00a0<\/strong>ligger redan bakom l\u00e5tar som\u00a0<em>&#8221;No longer slaves&#8221;\u00a0<\/em>och sl\u00e4ppte ifjol sk\u00f6na\u00a0<em>&#8221;Stand in your love&#8221;,\u00a0<\/em>s\u00e5 det l\u00e4r v\u00e4l ingen \u00f6verdrift att vi \u00e4r vana vid att deras sl\u00e4pp brukar vara riktigt, riktigt bra. Men sl\u00e4ppen forts\u00e4tter och nu \u00e4r det dags att \u00e4lska deras pampiga\u00a0<em>&#8221;Raise a hallelujah&#8221; &#8211;\u00a0<\/em>en s\u00e5ng som f\u00f6ddes n\u00e4r ett litet barn var n\u00e4ra att d\u00f6 och l\u00e5tskrivaren\u00a0<strong>Jonathan David Helser\u00a0<\/strong>fick till sig orden\u00a0<em>&#8221;I raise a hallelujah in the presence of our enemy&#8221;.\u00a0<\/em><\/p>\n<p>Texten och k\u00e4nslan \u00e4r rakt igenom m\u00e4ktig och lovs\u00e5ngsledarna <strong>Jonathan <\/strong>och <strong>Melissa Helser <\/strong>g\u00f6r b\u00e5da en j\u00e4tteinsats vid mikrofonen. Det h\u00e4r \u00e4r en l\u00e5t med all potential att bli en ny nutida lovs\u00e5ngsfavorit. Se videon nedan s\u00e5 f\u00f6rst\u00e5r du vad vi menar!<\/p>\n<p><strong>Spotify-l\u00e4nk:\u00a0<\/strong>https:\/\/open.spotify.com\/track\/2FRLGfPXCg5XVewvYRfr2Q?si=9lLJErshQdOcIltMT97Hlg<\/p>\n<div class=\"video-container\"><iframe loading=\"lazy\" title=\"Raise A Hallelujah (LIVE) - Jonathan and Melissa Helser | VICTORY\" width=\"500\" height=\"281\" src=\"https:\/\/www.youtube.com\/embed\/awkO61T6i0k?feature=oembed\" frameborder=\"0\" allow=\"accelerometer; autoplay; clipboard-write; encrypted-media; gyroscope; picture-in-picture; web-share\" referrerpolicy=\"strict-origin-when-cross-origin\" allowfullscreen><\/iframe><\/div>\n","protected":false},"excerpt":{"rendered":"<p>Den amerikanska j\u00e4ttekyrkan\u00a0Bethel\u00a0ligger redan bakom l\u00e5tar som\u00a0&#8221;No longer slaves&#8221;\u00a0och sl\u00e4ppte ifjol sk\u00f6na\u00a0&#8221;Stand in your love&#8221;,\u00a0s\u00e5 det l\u00e4r v\u00e4l ingen \u00f6verdrift att vi \u00e4r vana vid att deras [&hellip;]<\/p>\n","protected":false},"author":15,"featured_media":0,"comment_status":"open","ping_status":"open","sticky":false,"template":"","format":"standard","meta":{"footnotes":"","_links_to":"","_links_to_target":""},"categories":[1],"tags":[],"class_list":["post-4043","post","type-post","status-publish","format-standard","hentry","category-musik"],"_links":{"self":[{"href":"http:\/\/blogg.varldenidag.se\/musik\/wp-json\/wp\/v2\/posts\/4043","targetHints":{"allow":["GET"]}}],"collection":[{"href":"http:\/\/blogg.varldenidag.se\/musik\/wp-json\/wp\/v2\/posts"}],"about":[{"href":"http:\/\/blogg.varldenidag.se\/musik\/wp-json\/wp\/v2\/types\/post"}],"author":[{"embeddable":true,"href":"http:\/\/blogg.varldenidag.se\/musik\/wp-json\/wp\/v2\/users\/15"}],"replies":[{"embeddable":true,"href":"http:\/\/blogg.varldenidag.se\/musik\/wp-json\/wp\/v2\/comments?post=4043"}],"version-history":[{"count":1,"href":"http:\/\/blogg.varldenidag.se\/musik\/wp-json\/wp\/v2\/posts\/4043\/revisions"}],"predecessor-version":[{"id":4044,"href":"http:\/\/blogg.varldenidag.se\/musik\/wp-json\/wp\/v2\/posts\/4043\/revisions\/4044"}],"wp:attachment":[{"href":"http:\/\/blogg.varldenidag.se\/musik\/wp-json\/wp\/v2\/media?parent=4043"}],"wp:term":[{"taxonomy":"category","embeddable":true,"href":"http:\/\/blogg.varldenidag.se\/musik\/wp-json\/wp\/v2\/categories?post=4043"},{"taxonomy":"post_tag","embeddable":true,"href":"http:\/\/blogg.varldenidag.se\/musik\/wp-json\/wp\/v2\/tags?post=4043"}],"curies":[{"name":"wp","href":"https:\/\/api.w.org\/{rel}","templated":true}]}}