{"id":4029,"date":"2019-01-16T00:52:23","date_gmt":"2019-01-15T23:52:23","guid":{"rendered":"http:\/\/blogg.varldenidag.se\/musik\/?p=4029"},"modified":"2019-01-10T22:52:47","modified_gmt":"2019-01-10T21:52:47","slug":"rent-guld-fran-los-angeles","status":"publish","type":"post","link":"http:\/\/blogg.varldenidag.se\/musik\/rent-guld-fran-los-angeles\/","title":{"rendered":"Rent guld fr\u00e5n Los Angeles"},"content":{"rendered":"<p>Efter spelningar \u00f6verallt p\u00e5 Seattles caf\u00e9er flyttade\u00a0<strong>Willow Stephens\u00a0<\/strong>till dr\u00f6mmarnas stad &#8211; Los Angeles. Det visade sig vara ett lyckat drag, f\u00f6r\u00a0<strong>Willow\u00a0<\/strong>kom i kontakt med ingen mindre \u00e4n det kristna hiphopesset\u00a0<strong>Andy Mineo,\u00a0<\/strong>vars &#8221;stall&#8221; av artister hon numer tillh\u00f6r.<\/p>\n<p>F\u00f6r m\u00e5nga \u00e4r hon fortfarande ett ok\u00e4nt namn men hennes\u00a0<em>&#8221;Gold&#8221;\u00a0<\/em>borde \u00e4ndra saken. L\u00e5ten d\u00f6k upp precis n\u00e4r julens musik fl\u00f6dade som mest, men det h\u00e4r guldet \u00e4r v\u00e4rt att leta fram och lyssna in sig p\u00e5.\u00a0<em>&#8221;Gold&#8221;\u00a0<\/em>visar sig n\u00e4mligen vara en oemotst\u00e5ndlig historia &#8211; en l\u00e5t som st\u00f6pts i b\u00e5de pop och jazz till en sk\u00f6n fusion som doftar majest\u00e4tiskt soundtrack till n\u00e5gon hipp TV-serie eller Hollywoodrulle. Missa inte!<\/p>\n<p><strong>Spotify-l\u00e4nk:\u00a0<\/strong>https:\/\/open.spotify.com\/track\/1M9dzu1tRIvgbuUxrvaVta?si=tlbKHOfgSa-a0D0JcPkvMg<\/p>\n<div class=\"video-container\"><iframe loading=\"lazy\" title=\"Gold\" width=\"500\" height=\"375\" src=\"https:\/\/www.youtube.com\/embed\/dbu5Fpyrd2E?feature=oembed\" frameborder=\"0\" allow=\"accelerometer; autoplay; clipboard-write; encrypted-media; gyroscope; picture-in-picture; web-share\" referrerpolicy=\"strict-origin-when-cross-origin\" allowfullscreen><\/iframe><\/div>\n","protected":false},"excerpt":{"rendered":"<p>Efter spelningar \u00f6verallt p\u00e5 Seattles caf\u00e9er flyttade\u00a0Willow Stephens\u00a0till dr\u00f6mmarnas stad &#8211; Los Angeles. Det visade sig vara ett lyckat drag, f\u00f6r\u00a0Willow\u00a0kom i kontakt med ingen mindre \u00e4n [&hellip;]<\/p>\n","protected":false},"author":15,"featured_media":0,"comment_status":"open","ping_status":"open","sticky":false,"template":"","format":"standard","meta":{"footnotes":"","_links_to":"","_links_to_target":""},"categories":[1],"tags":[],"class_list":["post-4029","post","type-post","status-publish","format-standard","hentry","category-musik"],"_links":{"self":[{"href":"http:\/\/blogg.varldenidag.se\/musik\/wp-json\/wp\/v2\/posts\/4029","targetHints":{"allow":["GET"]}}],"collection":[{"href":"http:\/\/blogg.varldenidag.se\/musik\/wp-json\/wp\/v2\/posts"}],"about":[{"href":"http:\/\/blogg.varldenidag.se\/musik\/wp-json\/wp\/v2\/types\/post"}],"author":[{"embeddable":true,"href":"http:\/\/blogg.varldenidag.se\/musik\/wp-json\/wp\/v2\/users\/15"}],"replies":[{"embeddable":true,"href":"http:\/\/blogg.varldenidag.se\/musik\/wp-json\/wp\/v2\/comments?post=4029"}],"version-history":[{"count":1,"href":"http:\/\/blogg.varldenidag.se\/musik\/wp-json\/wp\/v2\/posts\/4029\/revisions"}],"predecessor-version":[{"id":4030,"href":"http:\/\/blogg.varldenidag.se\/musik\/wp-json\/wp\/v2\/posts\/4029\/revisions\/4030"}],"wp:attachment":[{"href":"http:\/\/blogg.varldenidag.se\/musik\/wp-json\/wp\/v2\/media?parent=4029"}],"wp:term":[{"taxonomy":"category","embeddable":true,"href":"http:\/\/blogg.varldenidag.se\/musik\/wp-json\/wp\/v2\/categories?post=4029"},{"taxonomy":"post_tag","embeddable":true,"href":"http:\/\/blogg.varldenidag.se\/musik\/wp-json\/wp\/v2\/tags?post=4029"}],"curies":[{"name":"wp","href":"https:\/\/api.w.org\/{rel}","templated":true}]}}