{"id":4010,"date":"2018-12-29T00:56:29","date_gmt":"2018-12-28T23:56:29","guid":{"rendered":"http:\/\/blogg.varldenidag.se\/musik\/?p=4010"},"modified":"2018-12-13T22:56:46","modified_gmt":"2018-12-13T21:56:46","slug":"vibe-topp-18-2018-plats-3","status":"publish","type":"post","link":"http:\/\/blogg.varldenidag.se\/musik\/vibe-topp-18-2018-plats-3\/","title":{"rendered":"Vibe Topp 18 2018: Plats 3"},"content":{"rendered":"<p>Det \u00e4r dags igen!<br \/>\n<em>Vi har <\/em><em>lyssnat igenom \u00f6ver 10 000 l\u00e5tar under det g\u00e5ngna \u00e5ret och ger oss i kast med det sm\u00e5tt om\u00f6jliga uppdraget att, som traditionen bjuder, lista de allra b\u00e4sta av dem. Det har varit sv\u00e5rt och konkurrensen har varit stenh\u00e5rd &#8211; med m\u00e5nga favoriter som inte f\u00e5r plats i denna lista. Men h\u00e4r \u00e4r v\u00e5ra absoluta favoriter 2018.<\/em><br \/>\n<em>H\u00e4ng med i nedr\u00e4kningen &#8211; en l\u00e5t om dagen fram tills ny\u00e5rsafton!<\/em><\/p>\n<p><strong>Plats 3: Josefina Gniste &#8211; L\u00e5t Oss F\u00e5 Se<\/strong><br \/>\nS\u00e5 gl\u00e4djande, s\u00e5 gl\u00e4djande att kunna presentera en svensk p\u00e5 toppen av denna \u00e5rssummering. Men inget kan vara mer v\u00e4lf\u00f6rtj\u00e4nt \u00e4n att Josefina Gniste tar hem plats tre. Det \u00e4r sv\u00e5rt att plocka ut bara en favorit fr\u00e5n hennes rakt igenom helt sansl\u00f6st bra lovs\u00e5ngsskiva &#8221;L\u00e5t Oss F\u00e5 Se&#8221; &#8211; den b\u00e4sta svenska lovs\u00e5ngsskiva vi h\u00f6rt p\u00e5 l\u00e4nge &#8211; men till slut faller valet p\u00e5 titelsp\u00e5ret. &#8221;L\u00e5t Oss F\u00e5 Se&#8221; kommer du h\u00f6ra under l\u00e5ng tid fram\u00f6ver i de svenska kyrkorna. Har du inte lyssnat \u00e4n \u00e4r det h\u00f6g tid nu!<\/p>\n<p><strong>Spotify-l\u00e4nk:\u00a0<\/strong><a href=\"https:\/\/open.spotify.com\/track\/6WrprTVjnFwKNQZCwmLTUR?si=eWUxzwenTWG_VuOMEsrtBw\">https:\/\/open.spotify.com\/track\/6WrprTVjnFwKNQZCwmLTUR?si=eWUxzwenTWG_VuOMEsrtBw<\/a><\/p>\n<div class=\"video-container\"><iframe loading=\"lazy\" title=\"L\u00c5T OSS F\u00c5 SE - Josefina Gniste (textvideo)\" width=\"500\" height=\"281\" src=\"https:\/\/www.youtube.com\/embed\/sx0XxSefMHo?feature=oembed\" frameborder=\"0\" allow=\"accelerometer; autoplay; clipboard-write; encrypted-media; gyroscope; picture-in-picture; web-share\" referrerpolicy=\"strict-origin-when-cross-origin\" allowfullscreen><\/iframe><\/div>\n","protected":false},"excerpt":{"rendered":"<p>Det \u00e4r dags igen! Vi har lyssnat igenom \u00f6ver 10 000 l\u00e5tar under det g\u00e5ngna \u00e5ret och ger oss i kast med det sm\u00e5tt om\u00f6jliga uppdraget att, [&hellip;]<\/p>\n","protected":false},"author":15,"featured_media":0,"comment_status":"open","ping_status":"open","sticky":false,"template":"","format":"standard","meta":{"footnotes":"","_links_to":"","_links_to_target":""},"categories":[1],"tags":[],"class_list":["post-4010","post","type-post","status-publish","format-standard","hentry","category-musik"],"_links":{"self":[{"href":"http:\/\/blogg.varldenidag.se\/musik\/wp-json\/wp\/v2\/posts\/4010","targetHints":{"allow":["GET"]}}],"collection":[{"href":"http:\/\/blogg.varldenidag.se\/musik\/wp-json\/wp\/v2\/posts"}],"about":[{"href":"http:\/\/blogg.varldenidag.se\/musik\/wp-json\/wp\/v2\/types\/post"}],"author":[{"embeddable":true,"href":"http:\/\/blogg.varldenidag.se\/musik\/wp-json\/wp\/v2\/users\/15"}],"replies":[{"embeddable":true,"href":"http:\/\/blogg.varldenidag.se\/musik\/wp-json\/wp\/v2\/comments?post=4010"}],"version-history":[{"count":1,"href":"http:\/\/blogg.varldenidag.se\/musik\/wp-json\/wp\/v2\/posts\/4010\/revisions"}],"predecessor-version":[{"id":4011,"href":"http:\/\/blogg.varldenidag.se\/musik\/wp-json\/wp\/v2\/posts\/4010\/revisions\/4011"}],"wp:attachment":[{"href":"http:\/\/blogg.varldenidag.se\/musik\/wp-json\/wp\/v2\/media?parent=4010"}],"wp:term":[{"taxonomy":"category","embeddable":true,"href":"http:\/\/blogg.varldenidag.se\/musik\/wp-json\/wp\/v2\/categories?post=4010"},{"taxonomy":"post_tag","embeddable":true,"href":"http:\/\/blogg.varldenidag.se\/musik\/wp-json\/wp\/v2\/tags?post=4010"}],"curies":[{"name":"wp","href":"https:\/\/api.w.org\/{rel}","templated":true}]}}