{"id":3985,"date":"2018-12-16T00:50:07","date_gmt":"2018-12-15T23:50:07","guid":{"rendered":"http:\/\/blogg.varldenidag.se\/musik\/?p=3985"},"modified":"2018-12-13T21:50:28","modified_gmt":"2018-12-13T20:50:28","slug":"vibe-topp-18-2018-plats-16","status":"publish","type":"post","link":"http:\/\/blogg.varldenidag.se\/musik\/vibe-topp-18-2018-plats-16\/","title":{"rendered":"Vibe Topp 18 2018: Plats 16"},"content":{"rendered":"<p><i>Det \u00e4r dags igen!<br \/>\nVi har lyssnat igenom \u00f6ver 10 000 l\u00e5tar under det g\u00e5ngna \u00e5ret och ger oss i kast med det sm\u00e5tt om\u00f6jliga uppdraget att, som traditionen bjuder, lista de allra b\u00e4sta av dem. Det har varit sv\u00e5rt och konkurrensen har varit stenh\u00e5rd &#8211; med m\u00e5nga favoriter som inte f\u00e5r plats i denna lista. Men h\u00e4r \u00e4r v\u00e5ra absoluta favoriter 2018.<br \/>\nH\u00e4ng med i nedr\u00e4kningen &#8211; en l\u00e5t om dagen fram tills ny\u00e5rsafton!<\/i><\/p>\n<p><strong>Plats 16: Jamie Kimmett &#8211; &#8221;Since I Met You&#8221;<\/strong><\/p>\n<p>En av de nyaste l\u00e5tarna p\u00e5 den h\u00e4r listan &#8211; men s\u00e5 \u00e4r Jamie Kimmett ocks\u00e5 n\u00e5got extra. P\u00e5 kort tid &#8211; sin f\u00f6rsta singel &#8211; har han charmat sig rakt in i v\u00e5ra hj\u00e4rtan med denna r\u00f6kare till rockd\u00e4nga. Sk\u00f6n k\u00e4nsla och gott sv\u00e4ng i l\u00e5ten &#8211; Jamie kommer definitivt f\u00f6lja med oss in i 2019&#8230;<\/p>\n<p><strong>Spotify-l\u00e4nk:\u00a0<\/strong><a href=\"https:\/\/open.spotify.com\/track\/4ghXo8auh79CDFTNraeYKv?si=qnetKhl-Qn2MGvqstUX6cw\">https:\/\/open.spotify.com\/track\/4ghXo8auh79CDFTNraeYKv?si=qnetKhl-Qn2MGvqstUX6cw<\/a><\/p>\n<div class=\"video-container\"><iframe loading=\"lazy\" title=\"Jamie Kimmett - &quot;Since I Met You&quot; Visualizer\" width=\"500\" height=\"281\" src=\"https:\/\/www.youtube.com\/embed\/VJSZj-9zhAk?feature=oembed\" frameborder=\"0\" allow=\"accelerometer; autoplay; clipboard-write; encrypted-media; gyroscope; picture-in-picture; web-share\" referrerpolicy=\"strict-origin-when-cross-origin\" allowfullscreen><\/iframe><\/div>\n","protected":false},"excerpt":{"rendered":"<p>Det \u00e4r dags igen! Vi har lyssnat igenom \u00f6ver 10 000 l\u00e5tar under det g\u00e5ngna \u00e5ret och ger oss i kast med det sm\u00e5tt om\u00f6jliga uppdraget att, [&hellip;]<\/p>\n","protected":false},"author":15,"featured_media":0,"comment_status":"open","ping_status":"open","sticky":false,"template":"","format":"standard","meta":{"footnotes":"","_links_to":"","_links_to_target":""},"categories":[1],"tags":[],"class_list":["post-3985","post","type-post","status-publish","format-standard","hentry","category-musik"],"_links":{"self":[{"href":"http:\/\/blogg.varldenidag.se\/musik\/wp-json\/wp\/v2\/posts\/3985","targetHints":{"allow":["GET"]}}],"collection":[{"href":"http:\/\/blogg.varldenidag.se\/musik\/wp-json\/wp\/v2\/posts"}],"about":[{"href":"http:\/\/blogg.varldenidag.se\/musik\/wp-json\/wp\/v2\/types\/post"}],"author":[{"embeddable":true,"href":"http:\/\/blogg.varldenidag.se\/musik\/wp-json\/wp\/v2\/users\/15"}],"replies":[{"embeddable":true,"href":"http:\/\/blogg.varldenidag.se\/musik\/wp-json\/wp\/v2\/comments?post=3985"}],"version-history":[{"count":1,"href":"http:\/\/blogg.varldenidag.se\/musik\/wp-json\/wp\/v2\/posts\/3985\/revisions"}],"predecessor-version":[{"id":3986,"href":"http:\/\/blogg.varldenidag.se\/musik\/wp-json\/wp\/v2\/posts\/3985\/revisions\/3986"}],"wp:attachment":[{"href":"http:\/\/blogg.varldenidag.se\/musik\/wp-json\/wp\/v2\/media?parent=3985"}],"wp:term":[{"taxonomy":"category","embeddable":true,"href":"http:\/\/blogg.varldenidag.se\/musik\/wp-json\/wp\/v2\/categories?post=3985"},{"taxonomy":"post_tag","embeddable":true,"href":"http:\/\/blogg.varldenidag.se\/musik\/wp-json\/wp\/v2\/tags?post=3985"}],"curies":[{"name":"wp","href":"https:\/\/api.w.org\/{rel}","templated":true}]}}